{"id":12134,"date":"2022-06-06T17:45:26","date_gmt":"2022-06-06T17:45:26","guid":{"rendered":"http:\/\/staging.ibermusicas.org\/?p=12134"},"modified":"2022-06-30T18:52:02","modified_gmt":"2022-06-30T18:52:02","slug":"auros-duo-de-chile-estreia-a-obra-jyi-para-dois-saxofones-do-compositor-paraguaio-mateo-servian-sforza-ganhador-do-concurso-de-composicao-e-estreia-2021-de-ibermusicas","status":"publish","type":"post","link":"http:\/\/staging.ibermusicas.org\/index.php\/auros-duo-de-chile-estreia-a-obra-jyi-para-dois-saxofones-do-compositor-paraguaio-mateo-servian-sforza-ganhador-do-concurso-de-composicao-e-estreia-2021-de-ibermusicas\/","title":{"rendered":"Auros D\u00fao de Chile estreia a obra \u00abJ\u00ddI\u00bb para dois saxofones do compositor paraguaio Mateo Servi\u00e1n Sforza, ganhador do Concurso de Composi\u00e7\u00e3o e Estreia 2021 de Iberm\u00fasicas"},"content":{"rendered":"<p>A obra \u00abJ\u00ddI\u00bb (\u00abarco-\u00edris\u00bb em guarani) para dois saxofones, ganhadora do Pr\u00eamio de Composi\u00e7\u00e3o e Estreia 2021 do Programa Iberm\u00fasicas, \u00e9 uma explora\u00e7\u00e3o do fen\u00f4meno da cor do som, ponto focal do trabalho compositivo do jovem compositor paraguaio Mateo Servi\u00e1n Sforza.<\/p>\n<p>&nbsp;<\/p>\n<p>Em \u00abJ\u00ddI\u00bb procura-se aprofundar no potencial sonoro do saxofone gra\u00e7as a um minucioso estudo das digita\u00e7\u00f5es alternativas, e da enorme variedade t\u00edmbrica que elas permitem. O v\u00eddeo dessa obra, gravado em Santiago do Chile pelos int\u00e9rpretes do Auros D\u00fao (os saxofonistas chilenos Karem Ruiz e Alejandro Rivas), ser\u00e1 estreado com uma premiere a ser realizada no canal do YouTube de Mateo Servi\u00e1n Sforza.<\/p>\n<p>&nbsp;<\/p>\n<p>Mateo Servi\u00e1n Sforza, nascido em 1991 em Assun\u00e7\u00e3o (Paraguai), estudou composi\u00e7\u00e3o com Mario Garuti no Conservat\u00f3rio de Mil\u00e3o. Frequentou masterclasses e semin\u00e1rios de compositores como Salvatore Sciarrino, Helmut Lachenmann, Pierluigi Billone, Michael Maierhof e Fabien L\u00e9vy. Suas composi\u00e7\u00f5es foram interpretadas em importantes festivais dedicados \u00e0 m\u00fasica contempor\u00e2nea, como o Festival Impuls de Graz (\u00c1ustria), o Festival Milano Musica\u00a0 (It\u00e1lia) e as Jornadas de M\u00fasica Nova de Assun\u00e7\u00e3o (Paraguai). Estudou piano no Conservat\u00f3rio Santa Cec\u00edlia de Roma e, posteriormente, no Conservat\u00f3rio de M\u00fasica Giuseppe Verdi de Mil\u00e3o, onde concluiu seu mestrado em Interpreta\u00e7\u00e3o Pian\u00edstica. Apresentou-se como solista e em forma\u00e7\u00f5es de c\u00e2mara, tocando em importantes salas de concerto do Paraguai e da It\u00e1lia. Em 2020, recebeu o Pr\u00eamio Nacional das Artes do Governo Italiano (na categoria de M\u00fasica Vocal de C\u00e2mara), em dupla com a mezzosoprano italiana Eleonora de Prez.<\/p>\n<p>&nbsp;<\/p>\n<p>Auros Saxophone Duo nasce a partir da experi\u00eancia dos int\u00e9rpretes Alejandro Rivas e Karem Ruiz de interpretar m\u00fasica chilena, cl\u00e1ssica e latino-americana atrav\u00e9s do saxofone. Seus in\u00edcios em 2006, incluem a grava\u00e7\u00e3o de m\u00fasica chilena de saxofone para o CD Confluencias &#8211; m\u00fasica chilena para saxofones. Desenvolveram sua carreira musical no Chile e na Holanda, onde recebem sua forma\u00e7\u00e3o acad\u00eamica, al\u00e9m de se apresentarem em cen\u00e1rios importantes como: Goethe Institut em Santiago do Chile, Concertgebouw em Amsterdam, De Doelen em Rotterdam, Fentener van Vlissingenzaal, Vredenburg em Utrecht da Holanda, entre outros. Este duo de saxofones prop\u00f5e a difus\u00e3o de repert\u00f3rio cl\u00e1ssico, latino-americano e chileno adaptado \u00e0 versatilidade estil\u00edstica dos saxofones. Auros abrange uma ampla gama da fam\u00edlia dos saxofones, passando pelos saxofones soprano, alto, tenor, bar\u00edtono e baixo.<\/p>\n<p>&nbsp;<\/p>\n<p>Quarta-feira, 15 de Junho<\/p>\n<p><a href=\"https:\/\/soundcloud.com\/mateoservian\">https:\/\/soundcloud.com\/mateoservian<\/a><\/p>\n<p><a href=\"https:\/\/www.youtube.com\/channel\/UCjxXfjEP2YItfwSZMb5vKJA\">https:\/\/www.youtube.com\/channel\/UCjxXfjEP2YItfwSZMb5vKJA<\/a><\/p>\n","protected":false},"excerpt":{"rendered":"<p>A obra \u00abJ\u00ddI\u00bb (\u00abarco-\u00edris\u00bb em guarani) para dois saxofones, ganhadora do Pr\u00eamio de Composi\u00e7\u00e3o e Estreia 2021 do Programa Iberm\u00fasicas, \u00e9 uma explora\u00e7\u00e3o do fen\u00f4meno da cor do som, ponto focal do trabalho compositivo do jovem compositor paraguaio Mateo Servi\u00e1n Sforza. &nbsp; Em \u00abJ\u00ddI\u00bb procura-se aprofundar no potencial sonoro do saxofone gra\u00e7as a um minucioso [&hellip;]<\/p>\n","protected":false},"author":1,"featured_media":12239,"comment_status":"closed","ping_status":"closed","sticky":false,"template":"","format":"standard","meta":{"footnotes":""},"categories":[218],"tags":[],"class_list":["post-12134","post","type-post","status-publish","format-standard","has-post-thumbnail","hentry","category-noticias-generales-pt"],"lang":"pt","translations":{"pt":12134,"es":12131},"pll_sync_post":[],"post_mailing_queue_ids":[],"_links":{"self":[{"href":"http:\/\/staging.ibermusicas.org\/index.php\/wp-json\/wp\/v2\/posts\/12134","targetHints":{"allow":["GET"]}}],"collection":[{"href":"http:\/\/staging.ibermusicas.org\/index.php\/wp-json\/wp\/v2\/posts"}],"about":[{"href":"http:\/\/staging.ibermusicas.org\/index.php\/wp-json\/wp\/v2\/types\/post"}],"author":[{"embeddable":true,"href":"http:\/\/staging.ibermusicas.org\/index.php\/wp-json\/wp\/v2\/users\/1"}],"replies":[{"embeddable":true,"href":"http:\/\/staging.ibermusicas.org\/index.php\/wp-json\/wp\/v2\/comments?post=12134"}],"version-history":[{"count":3,"href":"http:\/\/staging.ibermusicas.org\/index.php\/wp-json\/wp\/v2\/posts\/12134\/revisions"}],"predecessor-version":[{"id":12238,"href":"http:\/\/staging.ibermusicas.org\/index.php\/wp-json\/wp\/v2\/posts\/12134\/revisions\/12238"}],"wp:featuredmedia":[{"embeddable":true,"href":"http:\/\/staging.ibermusicas.org\/index.php\/wp-json\/wp\/v2\/media\/12239"}],"wp:attachment":[{"href":"http:\/\/staging.ibermusicas.org\/index.php\/wp-json\/wp\/v2\/media?parent=12134"}],"wp:term":[{"taxonomy":"category","embeddable":true,"href":"http:\/\/staging.ibermusicas.org\/index.php\/wp-json\/wp\/v2\/categories?post=12134"},{"taxonomy":"post_tag","embeddable":true,"href":"http:\/\/staging.ibermusicas.org\/index.php\/wp-json\/wp\/v2\/tags?post=12134"}],"curies":[{"name":"wp","href":"https:\/\/api.w.org\/{rel}","templated":true}]}}