{"id":12136,"date":"2022-06-06T18:00:59","date_gmt":"2022-06-06T18:00:59","guid":{"rendered":"http:\/\/staging.ibermusicas.org\/?p=12136"},"modified":"2022-06-06T18:00:59","modified_gmt":"2022-06-06T18:00:59","slug":"se-estrena-en-argentina-la-obra-a-que-hora-volveran-del-compositor-uruguayo-vladimir-guicheff-bogacz-ganador-del-premio-ibermusicas-de-creacion-y-estreno-de-obra-2020","status":"publish","type":"post","link":"http:\/\/staging.ibermusicas.org\/index.php\/se-estrena-en-argentina-la-obra-a-que-hora-volveran-del-compositor-uruguayo-vladimir-guicheff-bogacz-ganador-del-premio-ibermusicas-de-creacion-y-estreno-de-obra-2020\/","title":{"rendered":"Se estrena en Argentina la obra \u201c\u00bfa qu\u00e9 hora volver\u00e1n?\u201d del compositor uruguayo Vladimir Guicheff Bogacz ganador del Premio Iberm\u00fasicas de Creaci\u00f3n y Estreno de obra 2020"},"content":{"rendered":"<p>El d\u00fao QUIZ\u00c1S, se presentar\u00e1 en el Centro Cultural Cuerda Mec\u00e1nica estrenando dos piezas. Co-presentes del argentino Nicol\u00e1s Giecco y \u00bfa qu\u00e9 hora volver\u00e1n? del uruguayo Vladimir Guicheff Bogacz. \u00c9sta \u00faltima pieza es ganadora del Premio de Composici\u00f3n y Estreno Obra de IBERM\u00daSICAS 2021<\/p>\n<p>&nbsp;<\/p>\n<p>VLADIMIR GUICHEFF BOGACZ es compositor, improvisador y guitarrista. Entre el 2006 y el 2012 estudi\u00f3 en la Escuela Universitaria de M\u00fasica en Montevideo, obteniendo los t\u00edtulos en Interpretaci\u00f3n Musical (guitarra) y Composici\u00f3n, estudiando esto \u00faltimo con Osvaldo Bud\u00f3n y Luis Jure. Entre el 2013 y el 2019 vivi\u00f3 en la ciudad alemana de Colonia, a donde adem\u00e1s de haber realizado sus estudios de posgrado en la Hochschule f\u00fcr Musik und Tanz K\u00f6ln (Prof. Johannes Sch\u00f6llhorn y Brigitta Muntendorf), trabaj\u00f3 activamente como compositor. Sus obras se han interpretado en diversos festivales internacionales. Ha tomado clases de composici\u00f3n con Brian Ferneyhough, Younghi Pagh-Paan, Pierluigi Billone, Mathias Spahlinger, Enno Poppe, Simon Steen-Andersen y otros. Como improvisador ha integrado numerosas formaciones estables y estudiado en seminarios con maestros como George E. Lewis y Wade Matthews. Como guitarrista, adem\u00e1s de abocarse al repertorio contempor\u00e1neo experimental, tambi\u00e9n integra conjuntos dedicados a las m\u00fasicas de ra\u00edz folcl\u00f3rica del R\u00edo de la Plata. Como compositor ha trabajado junto diversos ensambles, tales como Musikfabrik, Ensemble Phoenix Basel, Ensemble Garage, Ensemble Modern, Manufaktur f\u00fcr Aktuelle Musik, Sp\u00f3\u0142dzielnia Muzyczna, Ensemble S201, Ensemble uBu, Ensemble SurPlus, Trio Catch y Kollektiv3:6Koeln.<\/p>\n<p>&nbsp;<\/p>\n<p>QUIZ\u00c1S est\u00e1 integrado por Mar\u00eda del Rosario Castillo, flautista y Julia Mann, pianista, int\u00e9rpretes y docentes de la Universidad Nacional de Lan\u00fas que tocan juntas desde el 2014. El denominador com\u00fan que une las obras de su repertorio es la exploraci\u00f3n de sonoridades at\u00edpicas del tradicional org\u00e1nico flauta y piano. Su objetivo es difundir hacia todos los p\u00fablicos nuevas po\u00e9ticas e imaginarias sonoras.<\/p>\n<p>&nbsp;<\/p>\n<p>Domingo 12 de junio 19 hs. en CUERDA MEC\u00c1NICA (Juramento 4686, CABA, Argentina)<\/p>\n","protected":false},"excerpt":{"rendered":"<p>El d\u00fao QUIZ\u00c1S, se presentar\u00e1 en el Centro Cultural Cuerda Mec\u00e1nica estrenando dos piezas. Co-presentes del argentino Nicol\u00e1s Giecco y \u00bfa qu\u00e9 hora volver\u00e1n? del uruguayo Vladimir Guicheff Bogacz. \u00c9sta \u00faltima pieza es ganadora del Premio de Composici\u00f3n y Estreno Obra de IBERM\u00daSICAS 2021 &nbsp; VLADIMIR GUICHEFF BOGACZ es compositor, improvisador y guitarrista. Entre el [&hellip;]<\/p>\n","protected":false},"author":1,"featured_media":12137,"comment_status":"closed","ping_status":"closed","sticky":false,"template":"","format":"standard","meta":{"footnotes":""},"categories":[53],"tags":[],"class_list":["post-12136","post","type-post","status-publish","format-standard","has-post-thumbnail","hentry","category-noticias-generales"],"lang":"es","translations":{"es":12136,"pt":12139},"pll_sync_post":[],"post_mailing_queue_ids":[],"_links":{"self":[{"href":"http:\/\/staging.ibermusicas.org\/index.php\/wp-json\/wp\/v2\/posts\/12136","targetHints":{"allow":["GET"]}}],"collection":[{"href":"http:\/\/staging.ibermusicas.org\/index.php\/wp-json\/wp\/v2\/posts"}],"about":[{"href":"http:\/\/staging.ibermusicas.org\/index.php\/wp-json\/wp\/v2\/types\/post"}],"author":[{"embeddable":true,"href":"http:\/\/staging.ibermusicas.org\/index.php\/wp-json\/wp\/v2\/users\/1"}],"replies":[{"embeddable":true,"href":"http:\/\/staging.ibermusicas.org\/index.php\/wp-json\/wp\/v2\/comments?post=12136"}],"version-history":[{"count":1,"href":"http:\/\/staging.ibermusicas.org\/index.php\/wp-json\/wp\/v2\/posts\/12136\/revisions"}],"predecessor-version":[{"id":12138,"href":"http:\/\/staging.ibermusicas.org\/index.php\/wp-json\/wp\/v2\/posts\/12136\/revisions\/12138"}],"wp:featuredmedia":[{"embeddable":true,"href":"http:\/\/staging.ibermusicas.org\/index.php\/wp-json\/wp\/v2\/media\/12137"}],"wp:attachment":[{"href":"http:\/\/staging.ibermusicas.org\/index.php\/wp-json\/wp\/v2\/media?parent=12136"}],"wp:term":[{"taxonomy":"category","embeddable":true,"href":"http:\/\/staging.ibermusicas.org\/index.php\/wp-json\/wp\/v2\/categories?post=12136"},{"taxonomy":"post_tag","embeddable":true,"href":"http:\/\/staging.ibermusicas.org\/index.php\/wp-json\/wp\/v2\/tags?post=12136"}],"curies":[{"name":"wp","href":"https:\/\/api.w.org\/{rel}","templated":true}]}}