{"id":12139,"date":"2022-06-06T18:02:39","date_gmt":"2022-06-06T18:02:39","guid":{"rendered":"http:\/\/staging.ibermusicas.org\/?p=12139"},"modified":"2022-06-06T18:02:39","modified_gmt":"2022-06-06T18:02:39","slug":"estreia-se-na-argentina-a-obra-a-que-hora-volveran-do-compositor-uruguaio-vladimir-guicheff-bogacz-ganhador-do-premio-ibermusicas-de-criacao-e-estreia-de-obra-2020","status":"publish","type":"post","link":"http:\/\/staging.ibermusicas.org\/index.php\/estreia-se-na-argentina-a-obra-a-que-hora-volveran-do-compositor-uruguaio-vladimir-guicheff-bogacz-ganhador-do-premio-ibermusicas-de-criacao-e-estreia-de-obra-2020\/","title":{"rendered":"Estreia-se na Argentina a obra \u201c\u00bfa qu\u00e9 hora volver\u00e1n?\u201d  do compositor uruguaio Vladimir Guicheff Bogacz ganhador do Pr\u00eamio Iberm\u00fasicas de Cria\u00e7\u00e3o e Estr\u00e9ia de obra 2020"},"content":{"rendered":"<p>O duo QUIZ\u00c1S, se apresentar\u00e1 no Centro Cultural Corda Mec\u00e2nica estreando duas pe\u00e7as. Co-presentes do argentino Nicol\u00e1s Giecco e \u00bfa qu\u00e9 hora volver\u00e1n? do uruguaio Vladimir Guicheff Bogacz. Esta \u00faltima pe\u00e7a \u00e9 ganhadora do Pr\u00eamio de Composi\u00e7\u00e3o e Estr\u00e9ia Obra de IBERM\u00daSICAS 2021<\/p>\n<p>&nbsp;<\/p>\n<p>&nbsp;<\/p>\n<p>VLADIMIR GUICHEFF BOGACZ \u00e9 compositor, improvisador e guitarrista. Entre 2006 e 2012 estudou na Escola Universit\u00e1ria de M\u00fasica em Montevid\u00e9u, obtendo os t\u00edtulos em Interpreta\u00e7\u00e3o Musical (guitarra) e Composi\u00e7\u00e3o, estudando com Osvaldo Bud\u00f3n e Luis Jure. Entre 2013 e 2019 viveu na cidade alem\u00e3 de Col\u00f4nia, onde al\u00e9m de ter realizado seus estudos de p\u00f3s-gradua\u00e7\u00e3o na Hochschule f\u00fcr Musik und Tanz K\u00f6ln (Prof. Johannes Sch\u00f6llhorn e Brigitta Muntendorf), trabalhou ativamente como compositor. Suas obras foram interpretadas em diversos festivais internacionais. Tomou aulas de composi\u00e7\u00e3o com Brian Ferneyhough, Younghi Pagh-Paan, Pierluigi Billone, Mathias Spahlinger, Enno Poppe, Simon Steen-Andersen e outros. Como improvisador, integrou numerosas forma\u00e7\u00f5es est\u00e1veis e estudou em semin\u00e1rios com professores como George E. Lewis e Wade Matthews. Como guitarrista, al\u00e9m de dedicar-se ao repert\u00f3rio contempor\u00e2neo experimental, tamb\u00e9m integra conjuntos dedicados \u00e0s m\u00fasicas de raiz folcl\u00f3rica do Rio da Prata. Como compositor, trabalhou em conjunto com diversos ensambles, como Musikfabrik, Ensemble Phoenix Basel, Ensemble Garage, Ensemble Modern, Manufaktur f\u00fcr Aktuelle Musik, Sp\u00f3\u0142dzielnia Muzyczna, Ensemble S201, Ensemble Ubu, Ensemble surplus, Trio Catch e Kollektiv3:6Koeln.<\/p>\n<p>&nbsp;<\/p>\n<p>&nbsp;<\/p>\n<p>QUIZ\u00c1S \u00e9 composto por Maria del Rosario Castillo, flautista e Julia Mann, pianista, int\u00e9rpretes e docentes da Universidade Nacional de Lan\u00fas. Tocan juntas desde 2014. O denominador comum que une as obras de seu repert\u00f3rio \u00e9 a explora\u00e7\u00e3o de sonoridades at\u00edpicas do tradicional org\u00e2nico flauta e piano. Seu objetivo \u00e9 difundir para todos os p\u00fablicos novas po\u00e9ticas e imagin\u00e1rias sonoras.<\/p>\n<p>&nbsp;<\/p>\n<p>Domingo 12 de junho 19 hs. em CORDA MEC\u00c2NICA (Juramento 4686, CABA, Argentina)<\/p>\n","protected":false},"excerpt":{"rendered":"<p>O duo QUIZ\u00c1S, se apresentar\u00e1 no Centro Cultural Corda Mec\u00e2nica estreando duas pe\u00e7as. Co-presentes do argentino Nicol\u00e1s Giecco e \u00bfa qu\u00e9 hora volver\u00e1n? do uruguaio Vladimir Guicheff Bogacz. Esta \u00faltima pe\u00e7a \u00e9 ganhadora do Pr\u00eamio de Composi\u00e7\u00e3o e Estr\u00e9ia Obra de IBERM\u00daSICAS 2021 &nbsp; &nbsp; VLADIMIR GUICHEFF BOGACZ \u00e9 compositor, improvisador e guitarrista. Entre 2006 [&hellip;]<\/p>\n","protected":false},"author":1,"featured_media":12137,"comment_status":"closed","ping_status":"closed","sticky":false,"template":"","format":"standard","meta":{"footnotes":""},"categories":[218],"tags":[],"class_list":["post-12139","post","type-post","status-publish","format-standard","has-post-thumbnail","hentry","category-noticias-generales-pt"],"lang":"pt","translations":{"pt":12139,"es":12136},"pll_sync_post":[],"post_mailing_queue_ids":[],"_links":{"self":[{"href":"http:\/\/staging.ibermusicas.org\/index.php\/wp-json\/wp\/v2\/posts\/12139","targetHints":{"allow":["GET"]}}],"collection":[{"href":"http:\/\/staging.ibermusicas.org\/index.php\/wp-json\/wp\/v2\/posts"}],"about":[{"href":"http:\/\/staging.ibermusicas.org\/index.php\/wp-json\/wp\/v2\/types\/post"}],"author":[{"embeddable":true,"href":"http:\/\/staging.ibermusicas.org\/index.php\/wp-json\/wp\/v2\/users\/1"}],"replies":[{"embeddable":true,"href":"http:\/\/staging.ibermusicas.org\/index.php\/wp-json\/wp\/v2\/comments?post=12139"}],"version-history":[{"count":1,"href":"http:\/\/staging.ibermusicas.org\/index.php\/wp-json\/wp\/v2\/posts\/12139\/revisions"}],"predecessor-version":[{"id":12140,"href":"http:\/\/staging.ibermusicas.org\/index.php\/wp-json\/wp\/v2\/posts\/12139\/revisions\/12140"}],"wp:featuredmedia":[{"embeddable":true,"href":"http:\/\/staging.ibermusicas.org\/index.php\/wp-json\/wp\/v2\/media\/12137"}],"wp:attachment":[{"href":"http:\/\/staging.ibermusicas.org\/index.php\/wp-json\/wp\/v2\/media?parent=12139"}],"wp:term":[{"taxonomy":"category","embeddable":true,"href":"http:\/\/staging.ibermusicas.org\/index.php\/wp-json\/wp\/v2\/categories?post=12139"},{"taxonomy":"post_tag","embeddable":true,"href":"http:\/\/staging.ibermusicas.org\/index.php\/wp-json\/wp\/v2\/tags?post=12139"}],"curies":[{"name":"wp","href":"https:\/\/api.w.org\/{rel}","templated":true}]}}