{"id":12144,"date":"2022-06-06T18:22:53","date_gmt":"2022-06-06T18:22:53","guid":{"rendered":"http:\/\/staging.ibermusicas.org\/?p=12144"},"modified":"2022-06-30T18:51:55","modified_gmt":"2022-06-30T18:51:55","slug":"a-artista-paraguaia-nat-mendoza-lanca-novo-clipe-de-video","status":"publish","type":"post","link":"http:\/\/staging.ibermusicas.org\/index.php\/a-artista-paraguaia-nat-mendoza-lanca-novo-clipe-de-video\/","title":{"rendered":"A artista paraguaia Nat Mendoza lan\u00e7a novo clipe de v\u00eddeo"},"content":{"rendered":"<p>M\u00e1gica Ku\u00f1a \u00e9 a can\u00e7\u00e3o folk paraguaia que acaba de lan\u00e7ar oficialmente a cantora e compositora Nat Mendoza, em homenagem \u00e0s mulheres e \u00e0s m\u00e3es.<\/p>\n<p>&nbsp;<\/p>\n<p>As letras das can\u00e7\u00f5es de Nat Mendoza cantam \u00e0 mulher atual, criadora, forte e valente, com seus m\u00faltiplos pap\u00e9is e cheia de magia em sua vida cotidiana. \u00abCom um toque bil\u00edngue hispano-guarani, abra\u00e7a uma melodia doce e envolvente, que nos convida a construir um mundo mais justo para todas as mulheres\u00bb.<\/p>\n<p>&nbsp;<\/p>\n<p>Ver e ouvir em: <a href=\"https:\/\/youtu.be\/H54CefhyWhA\">https:\/\/youtu.be\/H54CefhyWhA<\/a><\/p>\n","protected":false},"excerpt":{"rendered":"<p>M\u00e1gica Ku\u00f1a \u00e9 a can\u00e7\u00e3o folk paraguaia que acaba de lan\u00e7ar oficialmente a cantora e compositora Nat Mendoza, em homenagem \u00e0s mulheres e \u00e0s m\u00e3es. &nbsp; As letras das can\u00e7\u00f5es de Nat Mendoza cantam \u00e0 mulher atual, criadora, forte e valente, com seus m\u00faltiplos pap\u00e9is e cheia de magia em sua vida cotidiana. \u00abCom um [&hellip;]<\/p>\n","protected":false},"author":1,"featured_media":12142,"comment_status":"closed","ping_status":"closed","sticky":false,"template":"","format":"standard","meta":{"footnotes":""},"categories":[218],"tags":[],"class_list":["post-12144","post","type-post","status-publish","format-standard","has-post-thumbnail","hentry","category-noticias-generales-pt"],"lang":"pt","translations":{"pt":12144,"es":12141},"pll_sync_post":[],"post_mailing_queue_ids":[],"_links":{"self":[{"href":"http:\/\/staging.ibermusicas.org\/index.php\/wp-json\/wp\/v2\/posts\/12144","targetHints":{"allow":["GET"]}}],"collection":[{"href":"http:\/\/staging.ibermusicas.org\/index.php\/wp-json\/wp\/v2\/posts"}],"about":[{"href":"http:\/\/staging.ibermusicas.org\/index.php\/wp-json\/wp\/v2\/types\/post"}],"author":[{"embeddable":true,"href":"http:\/\/staging.ibermusicas.org\/index.php\/wp-json\/wp\/v2\/users\/1"}],"replies":[{"embeddable":true,"href":"http:\/\/staging.ibermusicas.org\/index.php\/wp-json\/wp\/v2\/comments?post=12144"}],"version-history":[{"count":1,"href":"http:\/\/staging.ibermusicas.org\/index.php\/wp-json\/wp\/v2\/posts\/12144\/revisions"}],"predecessor-version":[{"id":12145,"href":"http:\/\/staging.ibermusicas.org\/index.php\/wp-json\/wp\/v2\/posts\/12144\/revisions\/12145"}],"wp:featuredmedia":[{"embeddable":true,"href":"http:\/\/staging.ibermusicas.org\/index.php\/wp-json\/wp\/v2\/media\/12142"}],"wp:attachment":[{"href":"http:\/\/staging.ibermusicas.org\/index.php\/wp-json\/wp\/v2\/media?parent=12144"}],"wp:term":[{"taxonomy":"category","embeddable":true,"href":"http:\/\/staging.ibermusicas.org\/index.php\/wp-json\/wp\/v2\/categories?post=12144"},{"taxonomy":"post_tag","embeddable":true,"href":"http:\/\/staging.ibermusicas.org\/index.php\/wp-json\/wp\/v2\/tags?post=12144"}],"curies":[{"name":"wp","href":"https:\/\/api.w.org\/{rel}","templated":true}]}}