{"id":12157,"date":"2022-06-06T19:20:30","date_gmt":"2022-06-06T19:20:30","guid":{"rendered":"http:\/\/staging.ibermusicas.org\/?p=12157"},"modified":"2022-06-06T19:20:30","modified_gmt":"2022-06-06T19:20:30","slug":"o-projeto-lingua-terra-celebra-a-cultura-palop-em-portugal","status":"publish","type":"post","link":"http:\/\/staging.ibermusicas.org\/index.php\/o-projeto-lingua-terra-celebra-a-cultura-palop-em-portugal\/","title":{"rendered":"O Projeto L\u00edngua Terra celebra a cultura PALOP em Portugal"},"content":{"rendered":"<p>A cultura dos pa\u00edses falantes de l\u00edngua portuguesa ser\u00e1 celebrada com tr\u00eas eventos \u2013 dois concertos musicais e uma pe\u00e7a teatral &#8211; nos meses de Junho e Julho, no F\u00f3rum Lu\u00edsa Todi, em Set\u00fabal. L\u00edngua Terra fomenta as conex\u00f5es culturais a partir de eventos art\u00edsticos e a cria\u00e7\u00e3o de pontes entre os pa\u00edses falantes de l\u00edngua portuguesa.<\/p>\n<p>&nbsp;<\/p>\n<p>Nos meses de Junho e Julho, arranca a sua segunda edi\u00e7\u00e3o, no F\u00f3rum Lu\u00edsa Todi, em Set\u00fabal. Nesta edi\u00e7\u00e3o de 2022 se apresenta uma variedade \u00fanica de ritmos e formatos. Com este evento se criam conex\u00f5es entre \u00c1frica, Europa e Am\u00e9rica Latina a partir da cultura, contribuindo com um movimento de express\u00e3o significativo. Neste segundo ano da produ\u00e7\u00e3o em Portugal, o projeto L\u00edngua Terra ir\u00e1 expandir a sua presen\u00e7a para al\u00e9m das apresenta\u00e7\u00f5es musicais \u2013 incluindo na sua programa\u00e7\u00e3o um espet\u00e1culo teatral. A ideia \u00e9 que a cultura PALOP seja celebrada em todas as formas de arte, a contribuir para a representatividade e identifica\u00e7\u00e3o desta comunidade.<\/p>\n<p>&nbsp;<\/p>\n<p>O primeiro grande nome a integrar as apresenta\u00e7\u00f5es \u00e9 a cabo-verdiana Elida Almeida, que subir\u00e1 ao palco do F\u00f3rum Lu\u00edsa Todi, no dia 03 de Junho. A jovem artista \u00e9 conhecida por ser um dos grandes nomes que integram a nova gera\u00e7\u00e3o de m\u00fasicos do seu Pa\u00eds. No seu repert\u00f3rio, os ritmos cabo-verdianos transitam juntamente com os movimentos africanos e com o estilo pop. Ser\u00e1 uma noite para celebrar a identidade africana, temperada com energia latina e os ritmos cabo-verdianos batuque, funan\u00e1, coladera e tabanka.<\/p>\n<p>&nbsp;<\/p>\n<p>Dos grandes autores, Mia Couto e Jos\u00e9 Eduardo Agualusa, a pe\u00e7a \u201cChovem Amores na Rua do Matador\u201d, ser\u00e1 o segundo evento a abrilhantar a noite no F\u00f3rum Lu\u00edsa Todi, no dia 17 de julho. A produ\u00e7\u00e3o, que \u00e9 uma adapta\u00e7\u00e3o do conto de mesmo nome destes autores, reflete sobre o conflito entre um Mo\u00e7ambicano e as culturas emergentes que incorporam as novas pr\u00e1ticas sociais. A pe\u00e7a possui dramaturgia pelo pr\u00f3prio Mia Couto e conta com um grande elenco de atores mo\u00e7ambicanos: Angelina Chavango, Hor\u00e1cio Guiamba, Joana Mbalango, Josefina Massango e Violeta Mbilane.<\/p>\n<p>&nbsp;<\/p>\n<p>A programa\u00e7\u00e3o encerra a 23 de julho, com o cantor angolano Paulo Flores e o seu espet\u00e1culo \u201cA Narrativa\u201d, em que ir\u00e1 compartilhar com o p\u00fablico &#8211; atrav\u00e9s da m\u00fasica &#8211; as influ\u00eancias e lembran\u00e7as musicais da sua inf\u00e2ncia em Lisboa. Ser\u00e1 um evento com melodias que misturam o romantismo sonoro e a ideologia de Angola, Portugal, Brasil e Cabo Verde.<\/p>\n<p>&nbsp;<\/p>\n<p>Para al\u00e9m da apresenta\u00e7\u00e3o de Paulo Flores, o encerramento do evento ter\u00e1 um momento especial com a transmiss\u00e3o do mini document\u00e1rio L\u00edngua Terra, realizado em 2021. O v\u00eddeo realizado pelo projeto, contou com a participa\u00e7\u00e3o do artista angolano e uma equipa intercultural formada por integrantes de pa\u00edses lus\u00f3fonos.<\/p>\n<p>&nbsp;<\/p>\n<p>Tamb\u00e9m integra a \u00faltima noite do evento a baterista, percussionista e compositora Simone Sou, que far\u00e1 a abertura desta grande noite. Neste projeto, a percussionista compartilha sua pesquisa sonora na m\u00fasica do mundo e composi\u00e7\u00f5es que abrangem poesia, ritmo e melodia inspiradas nas manifesta\u00e7\u00f5es brasileiras (afro-ind\u00edgena) misturadas ao seu estilo.<\/p>\n<p>&nbsp;<\/p>\n<p>Com o intuito de levar a cultura para mais pessoas, a edi\u00e7\u00e3o de 2022 do projeto L\u00edngua Terra ter\u00e1 uma vertente h\u00edbrida. Para al\u00e9m das apresenta\u00e7\u00f5es presenciais, os eventos ser\u00e3o transmitidos em data posterior via internet, dia 24 de julho.<\/p>\n<p>&nbsp;<\/p>\n<p>&nbsp;<\/p>\n<ul>\n<li>03 de junho, 21:30. Show Elida Almeida em F\u00f3rum Lu\u00edsa Todi \u2013 Set\u00fabal<\/li>\n<li>17 de julho 21:30 Teatro Chovem Amores na Rua do Matador (de Mia Couto e Jos\u00e9 Eduardo Agualusa) em F\u00f3rum Lu\u00edsa Todi- Set\u00fabal<\/li>\n<li>23 de julho, 21:30 Show Paulo Flores + Apresenta\u00e7\u00e3o Minidocument\u00e1rio L\u00edngua terra + abertura Simone Sou em F\u00f3rum Lu\u00edsa Todi- Set\u00fabal<\/li>\n<\/ul>\n","protected":false},"excerpt":{"rendered":"<p>A cultura dos pa\u00edses falantes de l\u00edngua portuguesa ser\u00e1 celebrada com tr\u00eas eventos \u2013 dois concertos musicais e uma pe\u00e7a teatral &#8211; nos meses de Junho e Julho, no F\u00f3rum Lu\u00edsa Todi, em Set\u00fabal. L\u00edngua Terra fomenta as conex\u00f5es culturais a partir de eventos art\u00edsticos e a cria\u00e7\u00e3o de pontes entre os pa\u00edses falantes de [&hellip;]<\/p>\n","protected":false},"author":1,"featured_media":12155,"comment_status":"closed","ping_status":"closed","sticky":false,"template":"","format":"standard","meta":{"footnotes":""},"categories":[218],"tags":[],"class_list":["post-12157","post","type-post","status-publish","format-standard","has-post-thumbnail","hentry","category-noticias-generales-pt"],"lang":"pt","translations":{"pt":12157,"es":12154},"pll_sync_post":[],"post_mailing_queue_ids":[],"_links":{"self":[{"href":"http:\/\/staging.ibermusicas.org\/index.php\/wp-json\/wp\/v2\/posts\/12157","targetHints":{"allow":["GET"]}}],"collection":[{"href":"http:\/\/staging.ibermusicas.org\/index.php\/wp-json\/wp\/v2\/posts"}],"about":[{"href":"http:\/\/staging.ibermusicas.org\/index.php\/wp-json\/wp\/v2\/types\/post"}],"author":[{"embeddable":true,"href":"http:\/\/staging.ibermusicas.org\/index.php\/wp-json\/wp\/v2\/users\/1"}],"replies":[{"embeddable":true,"href":"http:\/\/staging.ibermusicas.org\/index.php\/wp-json\/wp\/v2\/comments?post=12157"}],"version-history":[{"count":1,"href":"http:\/\/staging.ibermusicas.org\/index.php\/wp-json\/wp\/v2\/posts\/12157\/revisions"}],"predecessor-version":[{"id":12158,"href":"http:\/\/staging.ibermusicas.org\/index.php\/wp-json\/wp\/v2\/posts\/12157\/revisions\/12158"}],"wp:featuredmedia":[{"embeddable":true,"href":"http:\/\/staging.ibermusicas.org\/index.php\/wp-json\/wp\/v2\/media\/12155"}],"wp:attachment":[{"href":"http:\/\/staging.ibermusicas.org\/index.php\/wp-json\/wp\/v2\/media?parent=12157"}],"wp:term":[{"taxonomy":"category","embeddable":true,"href":"http:\/\/staging.ibermusicas.org\/index.php\/wp-json\/wp\/v2\/categories?post=12157"},{"taxonomy":"post_tag","embeddable":true,"href":"http:\/\/staging.ibermusicas.org\/index.php\/wp-json\/wp\/v2\/tags?post=12157"}],"curies":[{"name":"wp","href":"https:\/\/api.w.org\/{rel}","templated":true}]}}