{"id":12164,"date":"2022-06-06T19:33:33","date_gmt":"2022-06-06T19:33:33","guid":{"rendered":"http:\/\/staging.ibermusicas.org\/?p=12164"},"modified":"2022-06-30T18:48:26","modified_gmt":"2022-06-30T18:48:26","slug":"la-agrupacion-elena-y-la-orquesta-lunar-de-costa-rica-lanza-el-video-de-su-nuevo-sencillo-afortunada","status":"publish","type":"post","link":"http:\/\/staging.ibermusicas.org\/index.php\/la-agrupacion-elena-y-la-orquesta-lunar-de-costa-rica-lanza-el-video-de-su-nuevo-sencillo-afortunada\/","title":{"rendered":"La agrupaci\u00f3n Elena y la Orquesta Lunar de Costa Rica lanza el video de su nuevo sencillo \u201cAfortunada\u00bb"},"content":{"rendered":"<p>Elena y la Orquesta Lunar lanza un sencillo \u201cAfortunada\u201d como premisa de su pr\u00f3ximo material discogr\u00e1fico \u201cTelescopio\u201d, que viene cargado de un sonido Latino Experimental y M\u00fasica del Mundo (World Music).<\/p>\n<p>&nbsp;<\/p>\n<p>En palabras de Elena Z\u00fa\u00f1iga: \u201cTelescopio\u201d es compa\u00f1\u00eda, ritual y esperanza. Sus letras narran relatos breves sobre el realismo m\u00e1gico, relacionados con las costumbres de los ancestros como la siembra, los v\u00ednculos sagrados entre humanos y animales, la navegaci\u00f3n, la astronom\u00eda, la meditaci\u00f3n y la conexi\u00f3n con la naturaleza que es nuestro patrimonio y la voz que la humanidad debe escuchar para avanzar sabiamente.<\/p>\n<p><strong>\u00a0<\/strong><\/p>\n<p>\u201cAfortunada\u201d cuenta la historia de un viaje por monta\u00f1as y r\u00edos en busca de un p\u00e1jaro que canta todas las ma\u00f1anas, pero nadie lo ha visto nunca. Esta obra musical combina polirritmias africanas, notas pedal y paisajes sonoros con elementos de la m\u00fasica cl\u00e1sica y \u00e9tnica. La voz principal es un canto oscilante y libre que entrelaza todas sus partes, y los instrumentos presentes como el violonchelo, el piano y el bajo; invitan a sumergirse en una sensaci\u00f3n de trance y caminata continua, mezclados con tambores tribales que evocan la danza; y un quijongo guanacasteco, instrumento aut\u00f3ctono de la herencia africana en Costa Rica, que mantiene la energ\u00eda de principio a fin.<\/p>\n<p>&nbsp;<\/p>\n<p>\u201cAfortunada\u201d fue grabado en coproducci\u00f3n vinculando a Costa Rica y Cuba; y cuenta con la participaci\u00f3n de la bajista cubana Yenly Medina. El lanzamiento de \u201cAfortunada\u201d, viene de la mano del videoclip que acompa\u00f1a la canci\u00f3n, y un corto documental que aborda el proceso de composici\u00f3n del nuevo disco de la agrupaci\u00f3n. Grabado en varias locaciones de Costa Rica, este material audiovisual se alinea con la propuesta art\u00edstica del grupo de profundizar en la relaci\u00f3n y di\u00e1logo entre el Ser Humano y la naturaleza que le rodea.<\/p>\n<p>&nbsp;<\/p>\n<p>Integran la agrupaci\u00f3n Elena Z\u00fa\u00f1iga en producci\u00f3n musical, direcci\u00f3n, composici\u00f3n, arreglos y ejecuci\u00f3n de: cuerdas, voces y cuatro venezolano, Gerardo Mora en producci\u00f3n musical, arreglos y ejecuci\u00f3n de bater\u00eda y percusi\u00f3n, Fabi\u00e1n Arroyo en arreglos y ejecuci\u00f3n de piano y teclados, Allan Chinchilla en arreglos y ejecuci\u00f3n de bajo el\u00e9ctrico.<\/p>\n<p>&nbsp;<\/p>\n<p>1ero de junio: lanzamiento del video oficial<\/p>\n<p>Link de youtube del estreno del videoclip: <a href=\"https:\/\/www.youtube.com\/watch?v=YUoVBqjwuVM\">https:\/\/www.youtube.com\/watch?v=YUoVBqjwuVM<\/a><\/p>\n<p>&nbsp;<\/p>\n<p>8 de junio lanzamiento del documental<\/p>\n<p>Link de youtube del estreno del corto documental\u00a0 <a href=\"https:\/\/www.youtube.com\/watch?v=lRTAg2ihaXs\">https:\/\/www.youtube.com\/watch?v=lRTAg2ihaXs<\/a><\/p>\n","protected":false},"excerpt":{"rendered":"<p>Elena y la Orquesta Lunar lanza un sencillo \u201cAfortunada\u201d como premisa de su pr\u00f3ximo material discogr\u00e1fico \u201cTelescopio\u201d, que viene cargado de un sonido Latino Experimental y M\u00fasica del Mundo (World Music). &nbsp; En palabras de Elena Z\u00fa\u00f1iga: \u201cTelescopio\u201d es compa\u00f1\u00eda, ritual y esperanza. Sus letras narran relatos breves sobre el realismo m\u00e1gico, relacionados con las [&hellip;]<\/p>\n","protected":false},"author":1,"featured_media":12165,"comment_status":"closed","ping_status":"closed","sticky":false,"template":"","format":"standard","meta":{"footnotes":""},"categories":[53],"tags":[],"class_list":["post-12164","post","type-post","status-publish","format-standard","has-post-thumbnail","hentry","category-noticias-generales"],"lang":"es","translations":{"es":12164,"pt":12167},"pll_sync_post":[],"post_mailing_queue_ids":[],"_links":{"self":[{"href":"http:\/\/staging.ibermusicas.org\/index.php\/wp-json\/wp\/v2\/posts\/12164","targetHints":{"allow":["GET"]}}],"collection":[{"href":"http:\/\/staging.ibermusicas.org\/index.php\/wp-json\/wp\/v2\/posts"}],"about":[{"href":"http:\/\/staging.ibermusicas.org\/index.php\/wp-json\/wp\/v2\/types\/post"}],"author":[{"embeddable":true,"href":"http:\/\/staging.ibermusicas.org\/index.php\/wp-json\/wp\/v2\/users\/1"}],"replies":[{"embeddable":true,"href":"http:\/\/staging.ibermusicas.org\/index.php\/wp-json\/wp\/v2\/comments?post=12164"}],"version-history":[{"count":1,"href":"http:\/\/staging.ibermusicas.org\/index.php\/wp-json\/wp\/v2\/posts\/12164\/revisions"}],"predecessor-version":[{"id":12166,"href":"http:\/\/staging.ibermusicas.org\/index.php\/wp-json\/wp\/v2\/posts\/12164\/revisions\/12166"}],"wp:featuredmedia":[{"embeddable":true,"href":"http:\/\/staging.ibermusicas.org\/index.php\/wp-json\/wp\/v2\/media\/12165"}],"wp:attachment":[{"href":"http:\/\/staging.ibermusicas.org\/index.php\/wp-json\/wp\/v2\/media?parent=12164"}],"wp:term":[{"taxonomy":"category","embeddable":true,"href":"http:\/\/staging.ibermusicas.org\/index.php\/wp-json\/wp\/v2\/categories?post=12164"},{"taxonomy":"post_tag","embeddable":true,"href":"http:\/\/staging.ibermusicas.org\/index.php\/wp-json\/wp\/v2\/tags?post=12164"}],"curies":[{"name":"wp","href":"https:\/\/api.w.org\/{rel}","templated":true}]}}