{"id":12167,"date":"2022-06-06T19:35:33","date_gmt":"2022-06-06T19:35:33","guid":{"rendered":"http:\/\/staging.ibermusicas.org\/?p=12167"},"modified":"2022-06-30T18:51:48","modified_gmt":"2022-06-30T18:51:48","slug":"o-grupo-elena-e-a-orquestra-lunar-da-costa-rica-lanca-o-video-de-seu-novo-single-afortunada","status":"publish","type":"post","link":"http:\/\/staging.ibermusicas.org\/index.php\/o-grupo-elena-e-a-orquestra-lunar-da-costa-rica-lanca-o-video-de-seu-novo-single-afortunada\/","title":{"rendered":"O grupo Elena e a Orquestra Lunar da Costa Rica lan\u00e7a o v\u00eddeo de seu novo single \u00abAfortunada&#8217;"},"content":{"rendered":"<p>Elena e a Orquestra Lunar lan\u00e7a um simples \u00abAfortunada\u00bb como premissa de seu pr\u00f3ximo material discogr\u00e1fico \u00abTelesc\u00f3pio\u00bb, que vem carregado de um som Latino Experimental e M\u00fasica do Mundo (World Music).<\/p>\n<p>&nbsp;<\/p>\n<p>Nas palavras de Elena Z\u00fa\u00f1iga: \u00abTelesc\u00f3pio\u00bb \u00e9 companhia, ritual e esperan\u00e7a. Suas letras narram contos breves sobre o realismo m\u00e1gico, relacionados com os costumes dos ancestrais como a semeadura, os v\u00ednculos sagrados entre humanos e animais, a navega\u00e7\u00e3o, a astronomia, a medita\u00e7\u00e3o e a conex\u00e3o com a natureza que \u00e9 nosso patrim\u00f4nio e a voz que a humanidade deve escutar para avan\u00e7ar sabiamente.<\/p>\n<p>&nbsp;<\/p>\n<p>\u00abAfortunada\u00bb conta a hist\u00f3ria de uma viagem pelas montanhas e rios em busca de um p\u00e1ssaro que canta todas as manh\u00e3s, mas ningu\u00e9m nunca o viu. Esta obra musical combina polirritmias africanas, notas pedal e paisagens sonoras com elementos da m\u00fasica cl\u00e1ssica e \u00e9tnica. A voz principal \u00e9 um canto oscilante e livre que entrela\u00e7a todas as suas partes, e os instrumentos presentes como o violoncelo, o piano e o baixo; convidam a mergulhar numa sensa\u00e7\u00e3o de transe e caminhada cont\u00ednua, misturados com tambores tribais que evocam a dan\u00e7a; e um quijongo guanacasteco, instrumento aut\u00f3ctone da heran\u00e7a africana na Costa Rica, que mant\u00e9m a energia do princ\u00edpio ao fim.<\/p>\n<p>&nbsp;<\/p>\n<p>\u00abAfortunada\u00bb foi gravado em coprodu\u00e7\u00e3o ligando a Costa Rica e Cuba; e conta com a participa\u00e7\u00e3o da baixista cubana Yenly Medina. O lan\u00e7amento de \u00abAfortunada\u00bb, vem da m\u00e3o do videoclipe que acompanha a can\u00e7\u00e3o, e um breve document\u00e1rio que aborda o processo de composi\u00e7\u00e3o do novo disco do agrupamento. Gravado em v\u00e1rios locais na Costa Rica, este material audiovisual se alinha com a proposta art\u00edstica do grupo de aprofundar a rela\u00e7\u00e3o e di\u00e1logo entre o Ser Humano e a natureza que o rodeia.<\/p>\n<p>&nbsp;<\/p>\n<p>&nbsp;<\/p>\n<p>Integram o grupo Elena Z\u00fa\u00f1iga em produ\u00e7\u00e3o musical,\u00a0 dire\u00e7\u00e3o, composi\u00e7\u00e3o, arranjos e execu\u00e7\u00e3o de: cordas, vozes e quatro venezuelano, Gerardo Mora em produ\u00e7\u00e3o musical, arranjos e execu\u00e7\u00e3o de bateria e percuss\u00e3o, Fabi\u00e1n Arroyo em arranjos e execu\u00e7\u00e3o de piano e teclados, Allan Chinchilla em arranjos e execu\u00e7\u00e3o de baixo el\u00e9trico.<\/p>\n<p>&nbsp;<\/p>\n<p>&nbsp;<\/p>\n<p>1\u00ba de junho: lan\u00e7amento do v\u00eddeo oficial<\/p>\n<p>Link do youtube da estreia do videoclipe: <a href=\"https:\/\/www.youtube.com\/watch?v=YUoVBqjwuVM\">https:\/\/www.youtube.com\/watch?v=YUoVBqjwuVM<\/a><\/p>\n<p>&nbsp;<\/p>\n<p>8 de junho lan\u00e7amento do document\u00e1rio<\/p>\n<p>Link do youtube da estreia do curto document\u00e1rio <a href=\"https:\/\/www.youtube.com\/watch?v=lRTAg2ihaXs\">https:\/\/www.youtube.com\/watch?v=lRTAg2ihaXs<\/a><\/p>\n","protected":false},"excerpt":{"rendered":"<p>Elena e a Orquestra Lunar lan\u00e7a um simples \u00abAfortunada\u00bb como premissa de seu pr\u00f3ximo material discogr\u00e1fico \u00abTelesc\u00f3pio\u00bb, que vem carregado de um som Latino Experimental e M\u00fasica do Mundo (World Music). &nbsp; Nas palavras de Elena Z\u00fa\u00f1iga: \u00abTelesc\u00f3pio\u00bb \u00e9 companhia, ritual e esperan\u00e7a. Suas letras narram contos breves sobre o realismo m\u00e1gico, relacionados com os [&hellip;]<\/p>\n","protected":false},"author":1,"featured_media":12165,"comment_status":"closed","ping_status":"closed","sticky":false,"template":"","format":"standard","meta":{"footnotes":""},"categories":[218],"tags":[],"class_list":["post-12167","post","type-post","status-publish","format-standard","has-post-thumbnail","hentry","category-noticias-generales-pt"],"lang":"pt","translations":{"pt":12167,"es":12164},"pll_sync_post":[],"post_mailing_queue_ids":[],"_links":{"self":[{"href":"http:\/\/staging.ibermusicas.org\/index.php\/wp-json\/wp\/v2\/posts\/12167","targetHints":{"allow":["GET"]}}],"collection":[{"href":"http:\/\/staging.ibermusicas.org\/index.php\/wp-json\/wp\/v2\/posts"}],"about":[{"href":"http:\/\/staging.ibermusicas.org\/index.php\/wp-json\/wp\/v2\/types\/post"}],"author":[{"embeddable":true,"href":"http:\/\/staging.ibermusicas.org\/index.php\/wp-json\/wp\/v2\/users\/1"}],"replies":[{"embeddable":true,"href":"http:\/\/staging.ibermusicas.org\/index.php\/wp-json\/wp\/v2\/comments?post=12167"}],"version-history":[{"count":1,"href":"http:\/\/staging.ibermusicas.org\/index.php\/wp-json\/wp\/v2\/posts\/12167\/revisions"}],"predecessor-version":[{"id":12168,"href":"http:\/\/staging.ibermusicas.org\/index.php\/wp-json\/wp\/v2\/posts\/12167\/revisions\/12168"}],"wp:featuredmedia":[{"embeddable":true,"href":"http:\/\/staging.ibermusicas.org\/index.php\/wp-json\/wp\/v2\/media\/12165"}],"wp:attachment":[{"href":"http:\/\/staging.ibermusicas.org\/index.php\/wp-json\/wp\/v2\/media?parent=12167"}],"wp:term":[{"taxonomy":"category","embeddable":true,"href":"http:\/\/staging.ibermusicas.org\/index.php\/wp-json\/wp\/v2\/categories?post=12167"},{"taxonomy":"post_tag","embeddable":true,"href":"http:\/\/staging.ibermusicas.org\/index.php\/wp-json\/wp\/v2\/tags?post=12167"}],"curies":[{"name":"wp","href":"https:\/\/api.w.org\/{rel}","templated":true}]}}