{"id":12169,"date":"2022-06-06T19:49:27","date_gmt":"2022-06-06T19:49:27","guid":{"rendered":"http:\/\/staging.ibermusicas.org\/?p=12169"},"modified":"2022-06-06T19:49:27","modified_gmt":"2022-06-06T19:49:27","slug":"el-contrabajista-uruguayo-facundo-estefanell-presenta-el-primer-tema-de-su-nuevo-disco-raizes-contemporaneas","status":"publish","type":"post","link":"http:\/\/staging.ibermusicas.org\/index.php\/el-contrabajista-uruguayo-facundo-estefanell-presenta-el-primer-tema-de-su-nuevo-disco-raizes-contemporaneas\/","title":{"rendered":"El contrabajista uruguayo Facundo Estefanell presenta el primer tema de su nuevo disco Ra\u00edzes Contempor\u00e2neas"},"content":{"rendered":"<p>L\u00e1grimas de \u00c1rvore es el nombre de la primera m\u00fasica de Ra\u00edzes Contempor\u00e2neas, el pr\u00f3ximo disco de Facundo Estefanell. Se trata de un disco de tem\u00e1tica jazzista con fundamentos en los ritmos uruguayos como el candombe, tango, folclore, mezclando colores latinos y t\u00e9cnicas de la m\u00fasica cl\u00e1sica.<\/p>\n<p>&nbsp;<\/p>\n<p>El \u00e1lbum fue grabado sin metr\u00f3nomo y sin edici\u00f3n, del modo en que hist\u00f3ricamente eran grabados los discos de jazz, captando los sentimientos org\u00e1nicos de todos los m\u00fasicos y el play verdadero, sin alteraciones ni correcciones de audio, dejando la m\u00fasica m\u00e1s viva, lejos de lo rob\u00f3tico, trayendo un aire fresco, humano y mucha sensibilidad art\u00edstica. El \u00e1lbum fue grabado en Rio de Janeiro por m\u00fasicos de Argentina, Colombia, Uruguay y Brasil, fusionando varias culturas con mucha pluralidad .<\/p>\n<p>&nbsp;<\/p>\n<p>Facundo Estefanell\u00a0 investiga en el Tango, Candombe, M\u00fasica Cl\u00e1sica y se destaca como compositor e instrumentista en la escena del jazz en R\u00edo de Janeiro. Nos invita a unir las diferentes culturas y las nuevas tecnolog\u00edas sonoras, enfatizando los ritmos aut\u00f3ctonos del Uruguay.<\/p>\n<p>&nbsp;<\/p>\n<p>Ver y escuchar \u201cL\u00e1grimas de \u00c0rvore\u201d en:<\/p>\n<p><a href=\"https:\/\/www.youtube.com\/watch?v=_Pewac0-N3Y&amp;feature=youtu.be\">https:\/\/www.youtube.com\/watch?v=_Pewac0-N3Y&amp;feature=youtu.be<\/a><\/p>\n","protected":false},"excerpt":{"rendered":"<p>L\u00e1grimas de \u00c1rvore es el nombre de la primera m\u00fasica de Ra\u00edzes Contempor\u00e2neas, el pr\u00f3ximo disco de Facundo Estefanell. Se trata de un disco de tem\u00e1tica jazzista con fundamentos en los ritmos uruguayos como el candombe, tango, folclore, mezclando colores latinos y t\u00e9cnicas de la m\u00fasica cl\u00e1sica. &nbsp; El \u00e1lbum fue grabado sin metr\u00f3nomo y [&hellip;]<\/p>\n","protected":false},"author":1,"featured_media":12170,"comment_status":"closed","ping_status":"closed","sticky":false,"template":"","format":"standard","meta":{"footnotes":""},"categories":[53],"tags":[],"class_list":["post-12169","post","type-post","status-publish","format-standard","has-post-thumbnail","hentry","category-noticias-generales"],"lang":"es","translations":{"es":12169,"pt":12172},"pll_sync_post":[],"post_mailing_queue_ids":[],"_links":{"self":[{"href":"http:\/\/staging.ibermusicas.org\/index.php\/wp-json\/wp\/v2\/posts\/12169","targetHints":{"allow":["GET"]}}],"collection":[{"href":"http:\/\/staging.ibermusicas.org\/index.php\/wp-json\/wp\/v2\/posts"}],"about":[{"href":"http:\/\/staging.ibermusicas.org\/index.php\/wp-json\/wp\/v2\/types\/post"}],"author":[{"embeddable":true,"href":"http:\/\/staging.ibermusicas.org\/index.php\/wp-json\/wp\/v2\/users\/1"}],"replies":[{"embeddable":true,"href":"http:\/\/staging.ibermusicas.org\/index.php\/wp-json\/wp\/v2\/comments?post=12169"}],"version-history":[{"count":1,"href":"http:\/\/staging.ibermusicas.org\/index.php\/wp-json\/wp\/v2\/posts\/12169\/revisions"}],"predecessor-version":[{"id":12171,"href":"http:\/\/staging.ibermusicas.org\/index.php\/wp-json\/wp\/v2\/posts\/12169\/revisions\/12171"}],"wp:featuredmedia":[{"embeddable":true,"href":"http:\/\/staging.ibermusicas.org\/index.php\/wp-json\/wp\/v2\/media\/12170"}],"wp:attachment":[{"href":"http:\/\/staging.ibermusicas.org\/index.php\/wp-json\/wp\/v2\/media?parent=12169"}],"wp:term":[{"taxonomy":"category","embeddable":true,"href":"http:\/\/staging.ibermusicas.org\/index.php\/wp-json\/wp\/v2\/categories?post=12169"},{"taxonomy":"post_tag","embeddable":true,"href":"http:\/\/staging.ibermusicas.org\/index.php\/wp-json\/wp\/v2\/tags?post=12169"}],"curies":[{"name":"wp","href":"https:\/\/api.w.org\/{rel}","templated":true}]}}