{"id":12172,"date":"2022-06-06T19:50:53","date_gmt":"2022-06-06T19:50:53","guid":{"rendered":"http:\/\/staging.ibermusicas.org\/?p=12172"},"modified":"2022-06-06T19:50:53","modified_gmt":"2022-06-06T19:50:53","slug":"o-contrabaixista-uruguaio-facundo-estefanell-apresenta-o-primeiro-tema-de-seu-novo-disco-raizes-contemporaneas","status":"publish","type":"post","link":"http:\/\/staging.ibermusicas.org\/index.php\/o-contrabaixista-uruguaio-facundo-estefanell-apresenta-o-primeiro-tema-de-seu-novo-disco-raizes-contemporaneas\/","title":{"rendered":"O contrabaixista uruguaio Facundo Estefanell apresenta o primeiro tema de seu novo disco Ra\u00edzes Contempor\u00e2neas"},"content":{"rendered":"<p>L\u00e1grimas de \u00c1rvore \u00e9 o nome da primeira m\u00fasica de Ra\u00edzes Contempor\u00e2neas, o pr\u00f3ximo disco de Facundo Estefanell. Trata-se de um disco de tem\u00e1tica jazzista com fundamentos nos ritmos uruguaios como o candombe, tango, folclore, misturando cores latinas e t\u00e9cnicas da m\u00fasica cl\u00e1ssica.<\/p>\n<p>&nbsp;<\/p>\n<p>O \u00e1lbum foi gravado sem metr\u00f4nomo e sem edi\u00e7\u00e3o, do modo em que historicamente eram gravados os discos de jazz, captando os sentimentos org\u00e2nicos de todos os m\u00fasicos e o play verdadeiro, sem altera\u00e7\u00f5es nem corre\u00e7\u00f5es de \u00e1udio, deixando a m\u00fasica mais viva, longe do rob\u00f3tico, trazendo um ar fresco, humano e muita sensibilidade art\u00edstica. O \u00e1lbum foi gravado no Rio de Janeiro por m\u00fasicos da Argentina, Col\u00f4mbia, Uruguai e Brasil, fundindo v\u00e1rias culturas com muita pluralidade .<\/p>\n<p>&nbsp;<\/p>\n<p>Facundo Estefanell investiga o Tango, Candombe, M\u00fasica Cl\u00e1ssica e se destaca como compositor e instrumentista na cena do jazz no Rio de Janeiro. Convida-nos a unir as diferentes culturas e as novas tecnologias sonoras, enfatizando os ritmos aut\u00f3ctones do Uruguai.<\/p>\n<p>&nbsp;<\/p>\n<p>&nbsp;<\/p>\n<p>Ver e escutar \u00abL\u00e1grimas de \u00c0rvore\u00bb em:<\/p>\n<p><a href=\"https:\/\/www.youtube.com\/watch?v=_Pewac0-N3Y&amp;Feature=youtu.be\">https:\/\/www.youtube.com\/watch?v=_Pewac0-N3Y&amp;Feature=youtu.be<\/a><\/p>\n","protected":false},"excerpt":{"rendered":"<p>L\u00e1grimas de \u00c1rvore \u00e9 o nome da primeira m\u00fasica de Ra\u00edzes Contempor\u00e2neas, o pr\u00f3ximo disco de Facundo Estefanell. Trata-se de um disco de tem\u00e1tica jazzista com fundamentos nos ritmos uruguaios como o candombe, tango, folclore, misturando cores latinas e t\u00e9cnicas da m\u00fasica cl\u00e1ssica. &nbsp; O \u00e1lbum foi gravado sem metr\u00f4nomo e sem edi\u00e7\u00e3o, do modo [&hellip;]<\/p>\n","protected":false},"author":1,"featured_media":12170,"comment_status":"closed","ping_status":"closed","sticky":false,"template":"","format":"standard","meta":{"footnotes":""},"categories":[218],"tags":[],"class_list":["post-12172","post","type-post","status-publish","format-standard","has-post-thumbnail","hentry","category-noticias-generales-pt"],"lang":"pt","translations":{"pt":12172,"es":12169},"pll_sync_post":[],"post_mailing_queue_ids":[],"_links":{"self":[{"href":"http:\/\/staging.ibermusicas.org\/index.php\/wp-json\/wp\/v2\/posts\/12172","targetHints":{"allow":["GET"]}}],"collection":[{"href":"http:\/\/staging.ibermusicas.org\/index.php\/wp-json\/wp\/v2\/posts"}],"about":[{"href":"http:\/\/staging.ibermusicas.org\/index.php\/wp-json\/wp\/v2\/types\/post"}],"author":[{"embeddable":true,"href":"http:\/\/staging.ibermusicas.org\/index.php\/wp-json\/wp\/v2\/users\/1"}],"replies":[{"embeddable":true,"href":"http:\/\/staging.ibermusicas.org\/index.php\/wp-json\/wp\/v2\/comments?post=12172"}],"version-history":[{"count":1,"href":"http:\/\/staging.ibermusicas.org\/index.php\/wp-json\/wp\/v2\/posts\/12172\/revisions"}],"predecessor-version":[{"id":12173,"href":"http:\/\/staging.ibermusicas.org\/index.php\/wp-json\/wp\/v2\/posts\/12172\/revisions\/12173"}],"wp:featuredmedia":[{"embeddable":true,"href":"http:\/\/staging.ibermusicas.org\/index.php\/wp-json\/wp\/v2\/media\/12170"}],"wp:attachment":[{"href":"http:\/\/staging.ibermusicas.org\/index.php\/wp-json\/wp\/v2\/media?parent=12172"}],"wp:term":[{"taxonomy":"category","embeddable":true,"href":"http:\/\/staging.ibermusicas.org\/index.php\/wp-json\/wp\/v2\/categories?post=12172"},{"taxonomy":"post_tag","embeddable":true,"href":"http:\/\/staging.ibermusicas.org\/index.php\/wp-json\/wp\/v2\/tags?post=12172"}],"curies":[{"name":"wp","href":"https:\/\/api.w.org\/{rel}","templated":true}]}}