{"id":12174,"date":"2022-06-06T19:52:35","date_gmt":"2022-06-06T19:52:35","guid":{"rendered":"http:\/\/staging.ibermusicas.org\/?p=12174"},"modified":"2022-06-30T18:48:15","modified_gmt":"2022-06-30T18:48:15","slug":"llega-una-nueva-edicion-de-musica-ocupa-el-festival-de-musica-clasica-en-escenarios-inusuales-de-ecuador","status":"publish","type":"post","link":"http:\/\/staging.ibermusicas.org\/index.php\/llega-una-nueva-edicion-de-musica-ocupa-el-festival-de-musica-clasica-en-escenarios-inusuales-de-ecuador\/","title":{"rendered":"Llega una nueva edici\u00f3n de M\u00fasica Ocupa, el Festival de M\u00fasica Cl\u00e1sica en escenarios inusuales de Ecuador"},"content":{"rendered":"<p>En el 2022, el Festival M\u00fasicaOcupa de Ecuador realizar\u00e1 su 6ta edici\u00f3n. Tras cinco ediciones, M\u00fasicaOcupa se ha consolidado como un evento cultural trascendental para la ciudad de Quito, ofreciendo dos semanas de intervenciones musicales e intercambio de saberes a una variedad de p\u00fablicos en forma gratuita y regresando a los escenarios inusuales como: c\u00e1rceles, centros de rehabilitaci\u00f3n de adicciones, mercados, parques, edificios patrimoniales y espacios p\u00fablicos de la ciudad, para ocuparlos con m\u00fasica.<\/p>\n<p>&nbsp;<\/p>\n<p>Ser\u00e1n parte de esta edici\u00f3n del festival el Ensamble InConcerto de Quito, el violinista brasile\u00f1o Francisco Coser, la violinista lituana Novil\u00e9 Maceinait\u00e9, el obo\u00edsta colombiano Pablo Moreno, el violinista ecuatoriano Alex Jimbo, la clarinetista espa\u00f1ola Cristina Mart\u00edn, la flautista espa\u00f1ola Beatriz Pom\u00e9s, el trompetista holand\u00e9s Seff Hermanns y el ensamble vocal femenino Frecuencia Fundamental de Ecuador.<\/p>\n<p>&nbsp;<\/p>\n<p>Del 14 al 30 de junio<\/p>\n","protected":false},"excerpt":{"rendered":"<p>En el 2022, el Festival M\u00fasicaOcupa de Ecuador realizar\u00e1 su 6ta edici\u00f3n. Tras cinco ediciones, M\u00fasicaOcupa se ha consolidado como un evento cultural trascendental para la ciudad de Quito, ofreciendo dos semanas de intervenciones musicales e intercambio de saberes a una variedad de p\u00fablicos en forma gratuita y regresando a los escenarios inusuales como: c\u00e1rceles, [&hellip;]<\/p>\n","protected":false},"author":1,"featured_media":12175,"comment_status":"closed","ping_status":"closed","sticky":false,"template":"","format":"standard","meta":{"footnotes":""},"categories":[53],"tags":[],"class_list":["post-12174","post","type-post","status-publish","format-standard","has-post-thumbnail","hentry","category-noticias-generales"],"lang":"es","translations":{"es":12174,"pt":12177},"pll_sync_post":[],"post_mailing_queue_ids":[],"_links":{"self":[{"href":"http:\/\/staging.ibermusicas.org\/index.php\/wp-json\/wp\/v2\/posts\/12174","targetHints":{"allow":["GET"]}}],"collection":[{"href":"http:\/\/staging.ibermusicas.org\/index.php\/wp-json\/wp\/v2\/posts"}],"about":[{"href":"http:\/\/staging.ibermusicas.org\/index.php\/wp-json\/wp\/v2\/types\/post"}],"author":[{"embeddable":true,"href":"http:\/\/staging.ibermusicas.org\/index.php\/wp-json\/wp\/v2\/users\/1"}],"replies":[{"embeddable":true,"href":"http:\/\/staging.ibermusicas.org\/index.php\/wp-json\/wp\/v2\/comments?post=12174"}],"version-history":[{"count":1,"href":"http:\/\/staging.ibermusicas.org\/index.php\/wp-json\/wp\/v2\/posts\/12174\/revisions"}],"predecessor-version":[{"id":12176,"href":"http:\/\/staging.ibermusicas.org\/index.php\/wp-json\/wp\/v2\/posts\/12174\/revisions\/12176"}],"wp:featuredmedia":[{"embeddable":true,"href":"http:\/\/staging.ibermusicas.org\/index.php\/wp-json\/wp\/v2\/media\/12175"}],"wp:attachment":[{"href":"http:\/\/staging.ibermusicas.org\/index.php\/wp-json\/wp\/v2\/media?parent=12174"}],"wp:term":[{"taxonomy":"category","embeddable":true,"href":"http:\/\/staging.ibermusicas.org\/index.php\/wp-json\/wp\/v2\/categories?post=12174"},{"taxonomy":"post_tag","embeddable":true,"href":"http:\/\/staging.ibermusicas.org\/index.php\/wp-json\/wp\/v2\/tags?post=12174"}],"curies":[{"name":"wp","href":"https:\/\/api.w.org\/{rel}","templated":true}]}}