{"id":12177,"date":"2022-06-06T19:54:15","date_gmt":"2022-06-06T19:54:15","guid":{"rendered":"http:\/\/staging.ibermusicas.org\/?p=12177"},"modified":"2022-06-30T18:51:40","modified_gmt":"2022-06-30T18:51:40","slug":"chega-uma-nova-edicao-de-musica-ocupa-o-festival-de-musica-classica-em-cenarios-incomuns-do-equador","status":"publish","type":"post","link":"http:\/\/staging.ibermusicas.org\/index.php\/chega-uma-nova-edicao-de-musica-ocupa-o-festival-de-musica-classica-em-cenarios-incomuns-do-equador\/","title":{"rendered":"Chega uma nova edi\u00e7\u00e3o de M\u00fasica Ocupa, o Festival de M\u00fasica Cl\u00e1ssica em cen\u00e1rios incomuns do Equador"},"content":{"rendered":"<p>Em 2022, o Festival M\u00fasicaOcupa do Equador realizar\u00e1 sua 6\u00aa edi\u00e7\u00e3o. Ap\u00f3s cinco edi\u00e7\u00f5es, o M\u00fasicaOcupa se consolidou como um evento cultural transcendental para a cidade de Quito, oferecendo duas semanas de interven\u00e7\u00f5es musicais e troca de saberes a uma variedade de p\u00fablicos de forma gratuita e retornando aos cen\u00e1rios incomuns como: pris\u00f5es, centros de reabilita\u00e7\u00e3o de v\u00edcios, mercados, parques, edif\u00edcios patrimoniais e espa\u00e7os p\u00fablicos da cidade, para ocupar com m\u00fasica.<\/p>\n<p>&nbsp;<\/p>\n<p>Far\u00e3o parte desta edi\u00e7\u00e3o do festival o Ensamble InConcerto de Quito, o violinista brasileiro Francisco Coser, a violinista lituana Novil\u00e9 Maceinait\u00e9, o obo\u00edsta colombiano Pablo Moreno, o violinista equatoriano Alex Jimbo, a clarinetista espanhola Cristina Mart\u00edn, a flautista espanhola Beatriz Pom\u00e9s, o trompetista holand\u00eas Seff Hermanns e o conjunto vocal feminino Frecuencia Fundamental de Ecuador.<\/p>\n<p>&nbsp;<\/p>\n<p>De 14 a 30 de Junho<\/p>\n<p>&nbsp;<\/p>\n","protected":false},"excerpt":{"rendered":"<p>Em 2022, o Festival M\u00fasicaOcupa do Equador realizar\u00e1 sua 6\u00aa edi\u00e7\u00e3o. Ap\u00f3s cinco edi\u00e7\u00f5es, o M\u00fasicaOcupa se consolidou como um evento cultural transcendental para a cidade de Quito, oferecendo duas semanas de interven\u00e7\u00f5es musicais e troca de saberes a uma variedade de p\u00fablicos de forma gratuita e retornando aos cen\u00e1rios incomuns como: pris\u00f5es, centros de [&hellip;]<\/p>\n","protected":false},"author":1,"featured_media":12175,"comment_status":"closed","ping_status":"closed","sticky":false,"template":"","format":"standard","meta":{"footnotes":""},"categories":[218],"tags":[],"class_list":["post-12177","post","type-post","status-publish","format-standard","has-post-thumbnail","hentry","category-noticias-generales-pt"],"lang":"pt","translations":{"pt":12177,"es":12174},"pll_sync_post":[],"post_mailing_queue_ids":[],"_links":{"self":[{"href":"http:\/\/staging.ibermusicas.org\/index.php\/wp-json\/wp\/v2\/posts\/12177","targetHints":{"allow":["GET"]}}],"collection":[{"href":"http:\/\/staging.ibermusicas.org\/index.php\/wp-json\/wp\/v2\/posts"}],"about":[{"href":"http:\/\/staging.ibermusicas.org\/index.php\/wp-json\/wp\/v2\/types\/post"}],"author":[{"embeddable":true,"href":"http:\/\/staging.ibermusicas.org\/index.php\/wp-json\/wp\/v2\/users\/1"}],"replies":[{"embeddable":true,"href":"http:\/\/staging.ibermusicas.org\/index.php\/wp-json\/wp\/v2\/comments?post=12177"}],"version-history":[{"count":1,"href":"http:\/\/staging.ibermusicas.org\/index.php\/wp-json\/wp\/v2\/posts\/12177\/revisions"}],"predecessor-version":[{"id":12178,"href":"http:\/\/staging.ibermusicas.org\/index.php\/wp-json\/wp\/v2\/posts\/12177\/revisions\/12178"}],"wp:featuredmedia":[{"embeddable":true,"href":"http:\/\/staging.ibermusicas.org\/index.php\/wp-json\/wp\/v2\/media\/12175"}],"wp:attachment":[{"href":"http:\/\/staging.ibermusicas.org\/index.php\/wp-json\/wp\/v2\/media?parent=12177"}],"wp:term":[{"taxonomy":"category","embeddable":true,"href":"http:\/\/staging.ibermusicas.org\/index.php\/wp-json\/wp\/v2\/categories?post=12177"},{"taxonomy":"post_tag","embeddable":true,"href":"http:\/\/staging.ibermusicas.org\/index.php\/wp-json\/wp\/v2\/tags?post=12177"}],"curies":[{"name":"wp","href":"https:\/\/api.w.org\/{rel}","templated":true}]}}