{"id":12184,"date":"2022-06-06T20:22:19","date_gmt":"2022-06-06T20:22:19","guid":{"rendered":"http:\/\/staging.ibermusicas.org\/?p=12184"},"modified":"2022-06-06T20:22:19","modified_gmt":"2022-06-06T20:22:19","slug":"dialogos-musicales-iberoamericanos-tiende-un-puente-entre-madeira-y-brasil-al-son-de-la-mandolina-2","status":"publish","type":"post","link":"http:\/\/staging.ibermusicas.org\/index.php\/dialogos-musicales-iberoamericanos-tiende-un-puente-entre-madeira-y-brasil-al-son-de-la-mandolina-2\/","title":{"rendered":"Di\u00e1logos Musicales Iberoamericanos tiende un puente entre Madeira y Brasil al son de la mandolina"},"content":{"rendered":"<p>En procura del acercamiento cultural entre Europa y Am\u00e9rica el proyecto \u00abDi\u00e1logos Musicales Iberoamericanos\u00bb comprende la realizaci\u00f3n de varias actividades educativas, art\u00edsticas e informativas posibilitando un corredor musical internacional entre los dos pa\u00edses participantes (Portugal y Brasil).<\/p>\n<p>&nbsp;<\/p>\n<p>Partiendo de la colaboraci\u00f3n entre la Asociaci\u00f3n de Bandolins de Madeira &#8211; ABM (PT) y el Instituto Molino Cultural Sudamericano &#8211; IMC (BR), y que contin\u00faa atrayendo nuevos agentes y socios, el proyecto se realizar\u00e1 online entre el 15 de abril y el 25 de junio\u00a0 2022, generalmente los s\u00e1bados.<\/p>\n<p>&nbsp;<\/p>\n<p>El p\u00fablico tendr\u00e1 acceso a todos los contenidos en l\u00ednea, a trav\u00e9s de los canales digitales de la Asociaci\u00f3n de Bandolins de Madeira y del Instituto Molino Cultural Sudamericano.<\/p>\n<p>&nbsp;<\/p>\n<p>Portugal Canales digitales ABM:<\/p>\n<p>http:\/\/www.youtube.com\/bandolinsmadeira https:\/\/www.facebook.com\/bandolinsmadeira https:\/\/www.instagram.com\/abm_madeira<\/p>\n<p>&nbsp;<\/p>\n<p>Espa\u00f1a Canales Digitales MCS: https:\/\/www.youtube.com\/channel\/UCLq5EXr1orgvK1H3SzSmo2g https:\/\/www.facebook.com\/IMCultural\/<\/p>\n<p>https:\/\/www.instagram.com\/moinho_cultural\/<\/p>\n","protected":false},"excerpt":{"rendered":"<p>En procura del acercamiento cultural entre Europa y Am\u00e9rica el proyecto \u00abDi\u00e1logos Musicales Iberoamericanos\u00bb comprende la realizaci\u00f3n de varias actividades educativas, art\u00edsticas e informativas posibilitando un corredor musical internacional entre los dos pa\u00edses participantes (Portugal y Brasil). &nbsp; Partiendo de la colaboraci\u00f3n entre la Asociaci\u00f3n de Bandolins de Madeira &#8211; ABM (PT) y el Instituto [&hellip;]<\/p>\n","protected":false},"author":1,"featured_media":12185,"comment_status":"closed","ping_status":"closed","sticky":false,"template":"","format":"standard","meta":{"footnotes":""},"categories":[53],"tags":[],"class_list":["post-12184","post","type-post","status-publish","format-standard","has-post-thumbnail","hentry","category-noticias-generales"],"lang":"es","translations":{"es":12184,"pt":12187},"pll_sync_post":[],"post_mailing_queue_ids":[],"_links":{"self":[{"href":"http:\/\/staging.ibermusicas.org\/index.php\/wp-json\/wp\/v2\/posts\/12184","targetHints":{"allow":["GET"]}}],"collection":[{"href":"http:\/\/staging.ibermusicas.org\/index.php\/wp-json\/wp\/v2\/posts"}],"about":[{"href":"http:\/\/staging.ibermusicas.org\/index.php\/wp-json\/wp\/v2\/types\/post"}],"author":[{"embeddable":true,"href":"http:\/\/staging.ibermusicas.org\/index.php\/wp-json\/wp\/v2\/users\/1"}],"replies":[{"embeddable":true,"href":"http:\/\/staging.ibermusicas.org\/index.php\/wp-json\/wp\/v2\/comments?post=12184"}],"version-history":[{"count":1,"href":"http:\/\/staging.ibermusicas.org\/index.php\/wp-json\/wp\/v2\/posts\/12184\/revisions"}],"predecessor-version":[{"id":12186,"href":"http:\/\/staging.ibermusicas.org\/index.php\/wp-json\/wp\/v2\/posts\/12184\/revisions\/12186"}],"wp:featuredmedia":[{"embeddable":true,"href":"http:\/\/staging.ibermusicas.org\/index.php\/wp-json\/wp\/v2\/media\/12185"}],"wp:attachment":[{"href":"http:\/\/staging.ibermusicas.org\/index.php\/wp-json\/wp\/v2\/media?parent=12184"}],"wp:term":[{"taxonomy":"category","embeddable":true,"href":"http:\/\/staging.ibermusicas.org\/index.php\/wp-json\/wp\/v2\/categories?post=12184"},{"taxonomy":"post_tag","embeddable":true,"href":"http:\/\/staging.ibermusicas.org\/index.php\/wp-json\/wp\/v2\/tags?post=12184"}],"curies":[{"name":"wp","href":"https:\/\/api.w.org\/{rel}","templated":true}]}}