{"id":12187,"date":"2022-06-06T20:25:34","date_gmt":"2022-06-06T20:25:34","guid":{"rendered":"http:\/\/staging.ibermusicas.org\/?p=12187"},"modified":"2022-06-06T20:25:34","modified_gmt":"2022-06-06T20:25:34","slug":"dialogos-musicais-ibero-americanos-tende-uma-ponte-entre-madeira-e-brasil-ao-som-do-bandolim-2","status":"publish","type":"post","link":"http:\/\/staging.ibermusicas.org\/index.php\/dialogos-musicais-ibero-americanos-tende-uma-ponte-entre-madeira-e-brasil-ao-som-do-bandolim-2\/","title":{"rendered":"Di\u00e1logos Musicais Ibero-Americanos tende uma ponte entre Madeira e Brasil ao som do bandolim"},"content":{"rendered":"<p>No sentido da aproxima\u00e7\u00e3o cultural entre a Europa e a Am\u00e9rica o projeto \u201cDi\u00e1logos Musicais Ibero-Americanos\u201d compreende a realiza\u00e7\u00e3o de v\u00e1rias atividades, do foro educativo, art\u00edstico e informativo na \u00e1rea da m\u00fasica, possibilitando um corredor musical internacional entre os dois pa\u00edses participantes (Portugal e Brasil).<\/p>\n<p>&nbsp;<\/p>\n<p>Partindo da parceria entre a Associa\u00e7\u00e3o de Bandolins da Madeira &#8211; ABM (PT) e o Instituto Moinho Cultural Sul-Americano &#8211; IMC (BR), e que continua a angariar novos agentes e parceiros, o projeto decorrer\u00e1 online entre 15 de Abril e 25 de Junho de 2022, geralmente aos s\u00e1bados.<\/p>\n<p>&nbsp;<\/p>\n<p>O p\u00fablico em geral ter\u00e1 acesso a todos os conte\u00fados online, atrav\u00e9s dos canais digitais da Associa\u00e7\u00e3o de Bandolins da Madeira e do Instituto Moinho Cultural Sul Americano.<\/p>\n<p>&nbsp;<\/p>\n<p>&nbsp;<\/p>\n<p>Portugal Canais digitais ABM:<\/p>\n<p>http:\/\/www.youtube.com\/bandolinsmadeira https:\/\/www.facebook.com\/bandolinsmadeira https:\/\/www.instagram.com\/abm_madeira<\/p>\n<p>&nbsp;<\/p>\n<p>Brasil Canais Digitais MCS: https:\/\/www.youtube.com\/channel\/UCLq5EXr1orgvK1H3SzSmo2g https:\/\/www.facebook.com\/IMCultural\/<\/p>\n<p>https:\/\/www.instagram.com\/moinho_cultural\/<\/p>\n","protected":false},"excerpt":{"rendered":"<p>No sentido da aproxima\u00e7\u00e3o cultural entre a Europa e a Am\u00e9rica o projeto \u201cDi\u00e1logos Musicais Ibero-Americanos\u201d compreende a realiza\u00e7\u00e3o de v\u00e1rias atividades, do foro educativo, art\u00edstico e informativo na \u00e1rea da m\u00fasica, possibilitando um corredor musical internacional entre os dois pa\u00edses participantes (Portugal e Brasil). &nbsp; Partindo da parceria entre a Associa\u00e7\u00e3o de Bandolins da [&hellip;]<\/p>\n","protected":false},"author":1,"featured_media":12185,"comment_status":"closed","ping_status":"closed","sticky":false,"template":"","format":"standard","meta":{"footnotes":""},"categories":[218],"tags":[],"class_list":["post-12187","post","type-post","status-publish","format-standard","has-post-thumbnail","hentry","category-noticias-generales-pt"],"lang":"pt","translations":{"pt":12187,"es":12184},"pll_sync_post":[],"post_mailing_queue_ids":[],"_links":{"self":[{"href":"http:\/\/staging.ibermusicas.org\/index.php\/wp-json\/wp\/v2\/posts\/12187","targetHints":{"allow":["GET"]}}],"collection":[{"href":"http:\/\/staging.ibermusicas.org\/index.php\/wp-json\/wp\/v2\/posts"}],"about":[{"href":"http:\/\/staging.ibermusicas.org\/index.php\/wp-json\/wp\/v2\/types\/post"}],"author":[{"embeddable":true,"href":"http:\/\/staging.ibermusicas.org\/index.php\/wp-json\/wp\/v2\/users\/1"}],"replies":[{"embeddable":true,"href":"http:\/\/staging.ibermusicas.org\/index.php\/wp-json\/wp\/v2\/comments?post=12187"}],"version-history":[{"count":1,"href":"http:\/\/staging.ibermusicas.org\/index.php\/wp-json\/wp\/v2\/posts\/12187\/revisions"}],"predecessor-version":[{"id":12188,"href":"http:\/\/staging.ibermusicas.org\/index.php\/wp-json\/wp\/v2\/posts\/12187\/revisions\/12188"}],"wp:featuredmedia":[{"embeddable":true,"href":"http:\/\/staging.ibermusicas.org\/index.php\/wp-json\/wp\/v2\/media\/12185"}],"wp:attachment":[{"href":"http:\/\/staging.ibermusicas.org\/index.php\/wp-json\/wp\/v2\/media?parent=12187"}],"wp:term":[{"taxonomy":"category","embeddable":true,"href":"http:\/\/staging.ibermusicas.org\/index.php\/wp-json\/wp\/v2\/categories?post=12187"},{"taxonomy":"post_tag","embeddable":true,"href":"http:\/\/staging.ibermusicas.org\/index.php\/wp-json\/wp\/v2\/tags?post=12187"}],"curies":[{"name":"wp","href":"https:\/\/api.w.org\/{rel}","templated":true}]}}