{"id":12200,"date":"2022-06-06T20:44:46","date_gmt":"2022-06-06T20:44:46","guid":{"rendered":"http:\/\/staging.ibermusicas.org\/?p=12200"},"modified":"2022-06-30T18:47:44","modified_gmt":"2022-06-30T18:47:44","slug":"comienza-conexion-afro-brasil-costa-rica-de-tuti-rodrigues-pedro-viquez","status":"publish","type":"post","link":"http:\/\/staging.ibermusicas.org\/index.php\/comienza-conexion-afro-brasil-costa-rica-de-tuti-rodrigues-pedro-viquez\/","title":{"rendered":"Comienza Conexi\u00f3n Afro (Brasil &#8211; Costa Rica) de Tuti Rodrigues &#038; Pedro Viquez"},"content":{"rendered":"<p>Este proyecto propone la uni\u00f3n de los m\u00fasicos y compositores Pedro Viquez (Costa Rica) y Tuti Rodrigues (Brasil) para la realizaci\u00f3n de un trabajo de investigaci\u00f3n y composici\u00f3n musical que tendr\u00e1 como resultado un \u00e1lbum completo.<\/p>\n<p>&nbsp;<\/p>\n<p>La investigaci\u00f3n y grabaci\u00f3n de este \u00e1lbum estar\u00e1 enfocada en dos corrientes particulares: las m\u00fasicas brasile\u00f1as y el calypso del caribe costarricense y los instrumentos musicales: el berimbau brasile\u00f1o y el quijongo guanacasteco.<\/p>\n<p>&nbsp;<\/p>\n<p>Las m\u00fasicas de Costa Rica y Brasil tienen muchas influencias tanto de la herencia africana como antillana y caribe\u00f1a. Podemos encontrar ritmos muy similares que ser\u00e1n muy importantes para la elaboraci\u00f3n de este \u00e1lbum. Parte de la investigaci\u00f3n y de la creaci\u00f3n va a ser buscar estos ritmos tradicionales y crear 10 canciones donde se puedan evidenciar tanto los ritmos del caribe costarricense como los ritmos brasile\u00f1os. A su vez podemos ver tambi\u00e9n semejanza en algunos instrumentos que llegaron a estos pa\u00edses con una gran similitud como el banjo y el banjo cavaquinho.<\/p>\n<p>&nbsp;<\/p>\n<p>Tuti Rodrigues es un m\u00fasico de Rio de Janeiro, Brasil. Es multi instrumentista, arreglador y compositor, dedicado al estudio de las m\u00fasicas afro y de su influencia en Brasil.<\/p>\n<p>&nbsp;<\/p>\n<p>Pedro Viquez es un m\u00fasico de Heredia, Costa Rica. Es multi instrumentista, arreglador y compositor. Realiz\u00f3 sus estudios en Bogot\u00e1 Colombia con \u00e9nfasis en el Jazz. Se ha dedicado a la investigaci\u00f3n de las m\u00fasicas tradicionales en Latinoam\u00e9rica especialmente en Cuba, Colombia y Costa Rica.<\/p>\n<p>&nbsp;<\/p>\n<p>&nbsp;<\/p>\n<p><a href=\"https:\/\/www.instagram.com\/pviquezbass\/?hl=es-la\">https:\/\/www.instagram.com\/pviquezbass\/?hl=es-la<\/a><\/p>\n<p><a href=\"https:\/\/www.youtube.com\/channel\/UCmGZ8J4Vdlv7xHhnu3b1C_w\">https:\/\/www.youtube.com\/channel\/UCmGZ8J4Vdlv7xHhnu3b1C_w<\/a><\/p>\n<p><a href=\"https:\/\/www.instagram.com\/tutirodrigues.oficial\/\">https:\/\/www.instagram.com\/tutirodrigues.oficial\/<\/a><\/p>\n<p><a href=\"https:\/\/www.youtube.com\/channel\/UCYcdWYxJV6mp1XGH4cM0I3Q\">https:\/\/www.youtube.com\/channel\/UCYcdWYxJV6mp1XGH4cM0I3Q<\/a><\/p>\n<p>&nbsp;<\/p>\n","protected":false},"excerpt":{"rendered":"<p>Este proyecto propone la uni\u00f3n de los m\u00fasicos y compositores Pedro Viquez (Costa Rica) y Tuti Rodrigues (Brasil) para la realizaci\u00f3n de un trabajo de investigaci\u00f3n y composici\u00f3n musical que tendr\u00e1 como resultado un \u00e1lbum completo. &nbsp; La investigaci\u00f3n y grabaci\u00f3n de este \u00e1lbum estar\u00e1 enfocada en dos corrientes particulares: las m\u00fasicas brasile\u00f1as y el [&hellip;]<\/p>\n","protected":false},"author":1,"featured_media":12201,"comment_status":"closed","ping_status":"closed","sticky":false,"template":"","format":"standard","meta":{"footnotes":""},"categories":[53],"tags":[],"class_list":["post-12200","post","type-post","status-publish","format-standard","has-post-thumbnail","hentry","category-noticias-generales"],"lang":"es","translations":{"es":12200,"pt":12203},"pll_sync_post":[],"post_mailing_queue_ids":[],"_links":{"self":[{"href":"http:\/\/staging.ibermusicas.org\/index.php\/wp-json\/wp\/v2\/posts\/12200","targetHints":{"allow":["GET"]}}],"collection":[{"href":"http:\/\/staging.ibermusicas.org\/index.php\/wp-json\/wp\/v2\/posts"}],"about":[{"href":"http:\/\/staging.ibermusicas.org\/index.php\/wp-json\/wp\/v2\/types\/post"}],"author":[{"embeddable":true,"href":"http:\/\/staging.ibermusicas.org\/index.php\/wp-json\/wp\/v2\/users\/1"}],"replies":[{"embeddable":true,"href":"http:\/\/staging.ibermusicas.org\/index.php\/wp-json\/wp\/v2\/comments?post=12200"}],"version-history":[{"count":1,"href":"http:\/\/staging.ibermusicas.org\/index.php\/wp-json\/wp\/v2\/posts\/12200\/revisions"}],"predecessor-version":[{"id":12202,"href":"http:\/\/staging.ibermusicas.org\/index.php\/wp-json\/wp\/v2\/posts\/12200\/revisions\/12202"}],"wp:featuredmedia":[{"embeddable":true,"href":"http:\/\/staging.ibermusicas.org\/index.php\/wp-json\/wp\/v2\/media\/12201"}],"wp:attachment":[{"href":"http:\/\/staging.ibermusicas.org\/index.php\/wp-json\/wp\/v2\/media?parent=12200"}],"wp:term":[{"taxonomy":"category","embeddable":true,"href":"http:\/\/staging.ibermusicas.org\/index.php\/wp-json\/wp\/v2\/categories?post=12200"},{"taxonomy":"post_tag","embeddable":true,"href":"http:\/\/staging.ibermusicas.org\/index.php\/wp-json\/wp\/v2\/tags?post=12200"}],"curies":[{"name":"wp","href":"https:\/\/api.w.org\/{rel}","templated":true}]}}