{"id":12203,"date":"2022-06-06T20:45:59","date_gmt":"2022-06-06T20:45:59","guid":{"rendered":"http:\/\/staging.ibermusicas.org\/?p=12203"},"modified":"2022-06-30T18:51:26","modified_gmt":"2022-06-30T18:51:26","slug":"conexao-afro-brasil-costa-rica-de-tuti-rodrigues-pedro-viquez-comeca","status":"publish","type":"post","link":"http:\/\/staging.ibermusicas.org\/index.php\/conexao-afro-brasil-costa-rica-de-tuti-rodrigues-pedro-viquez-comeca\/","title":{"rendered":"Conex\u00e3o Afro (Brasil &#8211; Costa Rica) de Tuti Rodrigues &#038; Pedro Viquez come\u00e7a"},"content":{"rendered":"<p>Este projeto prop\u00f5e a uni\u00e3o dos m\u00fasicos e compositores Pedro Viquez (Costa Rica) e Tuti Rodrigues (Brasil) para a realiza\u00e7\u00e3o de um trabalho de pesquisa e composi\u00e7\u00e3o musical que ter\u00e1 como resultado um \u00e1lbum completo.<\/p>\n<p>&nbsp;<\/p>\n<p>A pesquisa e grava\u00e7\u00e3o deste \u00e1lbum estar\u00e1 focada em duas correntes particulares: as m\u00fasicas brasileiras e o Calypso do caribe costa-riquenho e os instrumentos musicais: o berimbau brasileiro e o quijongo guanacasteco.<\/p>\n<p>&nbsp;<\/p>\n<p>As m\u00fasicas da Costa Rica e do Brasil t\u00eam muitas influ\u00eancias tanto da heran\u00e7a africana como antilhana e caribenha. Podemos encontrar ritmos muito semelhantes que ser\u00e3o muito importantes para a elabora\u00e7\u00e3o deste \u00e1lbum. Parte da pesquisa e da cria\u00e7\u00e3o vai ser buscar esses ritmos tradicionais e criar 10 can\u00e7\u00f5es onde se possam evidenciar tanto os ritmos do caribe costa-riquenho como os ritmos brasileiros. Por sua vez, podemos ver tamb\u00e9m semelhan\u00e7a em alguns instrumentos que chegaram a estes pa\u00edses com uma grande semelhan\u00e7a como o banjo e o banjo Cavaquinho.<\/p>\n<p>&nbsp;<\/p>\n<p>Tuti Rodrigues \u00e9 um m\u00fasico do Rio de Janeiro, Brasil. \u00c9 multi instrumentista, arranjador e compositor, dedicado ao estudo das m\u00fasicas afro e de sua influ\u00eancia no Brasil.<\/p>\n<p>&nbsp;<\/p>\n<p>Pedro Viquez \u00e9 um m\u00fasico de Heredia, Costa Rica. \u00c9 multi instrumentista, arranjador e compositor. Estudou em Bogot\u00e1, Col\u00f4mbia, com \u00eanfase no Jazz. Dedicou-se \u00e0 pesquisa das m\u00fasicas tradicionais na Am\u00e9rica Latina, especialmente em Cuba, Col\u00f4mbia e Costa Rica.<\/p>\n<p>&nbsp;<\/p>\n<p>&nbsp;<\/p>\n<p><a href=\"https:\/\/www.instagram.com\/pviquezbass\/?hl=es-la\">https:\/\/www.instagram.com\/pviquezbass\/?hl=es-la<\/a><\/p>\n<p><a href=\"https:\/\/www.youtube.com\/channel\/UCmGZ8J4Vdlv7xHhnu3b1C_w\">https:\/\/www.youtube.com\/channel\/UCmGZ8J4Vdlv7xHhnu3b1C_w<\/a><\/p>\n<p><a href=\"https:\/\/www.instagram.com\/tutirodrigues.oficial\/\">https:\/\/www.instagram.com\/tutirodrigues.oficial\/<\/a><\/p>\n<p><a href=\"https:\/\/www.youtube.com\/channel\/UCYcdWYxJV6mp1XGH4cM0I3Q\">https:\/\/www.youtube.com\/channel\/UCYcdWYxJV6mp1XGH4cM0I3Q<\/a><\/p>\n<p>&nbsp;<\/p>\n","protected":false},"excerpt":{"rendered":"<p>Este projeto prop\u00f5e a uni\u00e3o dos m\u00fasicos e compositores Pedro Viquez (Costa Rica) e Tuti Rodrigues (Brasil) para a realiza\u00e7\u00e3o de um trabalho de pesquisa e composi\u00e7\u00e3o musical que ter\u00e1 como resultado um \u00e1lbum completo. &nbsp; A pesquisa e grava\u00e7\u00e3o deste \u00e1lbum estar\u00e1 focada em duas correntes particulares: as m\u00fasicas brasileiras e o Calypso do [&hellip;]<\/p>\n","protected":false},"author":1,"featured_media":12201,"comment_status":"closed","ping_status":"closed","sticky":false,"template":"","format":"standard","meta":{"footnotes":""},"categories":[218],"tags":[],"class_list":["post-12203","post","type-post","status-publish","format-standard","has-post-thumbnail","hentry","category-noticias-generales-pt"],"lang":"pt","translations":{"pt":12203,"es":12200},"pll_sync_post":[],"post_mailing_queue_ids":[],"_links":{"self":[{"href":"http:\/\/staging.ibermusicas.org\/index.php\/wp-json\/wp\/v2\/posts\/12203","targetHints":{"allow":["GET"]}}],"collection":[{"href":"http:\/\/staging.ibermusicas.org\/index.php\/wp-json\/wp\/v2\/posts"}],"about":[{"href":"http:\/\/staging.ibermusicas.org\/index.php\/wp-json\/wp\/v2\/types\/post"}],"author":[{"embeddable":true,"href":"http:\/\/staging.ibermusicas.org\/index.php\/wp-json\/wp\/v2\/users\/1"}],"replies":[{"embeddable":true,"href":"http:\/\/staging.ibermusicas.org\/index.php\/wp-json\/wp\/v2\/comments?post=12203"}],"version-history":[{"count":1,"href":"http:\/\/staging.ibermusicas.org\/index.php\/wp-json\/wp\/v2\/posts\/12203\/revisions"}],"predecessor-version":[{"id":12204,"href":"http:\/\/staging.ibermusicas.org\/index.php\/wp-json\/wp\/v2\/posts\/12203\/revisions\/12204"}],"wp:featuredmedia":[{"embeddable":true,"href":"http:\/\/staging.ibermusicas.org\/index.php\/wp-json\/wp\/v2\/media\/12201"}],"wp:attachment":[{"href":"http:\/\/staging.ibermusicas.org\/index.php\/wp-json\/wp\/v2\/media?parent=12203"}],"wp:term":[{"taxonomy":"category","embeddable":true,"href":"http:\/\/staging.ibermusicas.org\/index.php\/wp-json\/wp\/v2\/categories?post=12203"},{"taxonomy":"post_tag","embeddable":true,"href":"http:\/\/staging.ibermusicas.org\/index.php\/wp-json\/wp\/v2\/tags?post=12203"}],"curies":[{"name":"wp","href":"https:\/\/api.w.org\/{rel}","templated":true}]}}