{"id":12205,"date":"2022-06-07T17:28:02","date_gmt":"2022-06-07T17:28:02","guid":{"rendered":"http:\/\/staging.ibermusicas.org\/?p=12205"},"modified":"2022-06-07T17:28:02","modified_gmt":"2022-06-07T17:28:02","slug":"comienza-el-festival-virtual-de-oboe-de-costa-rica","status":"publish","type":"post","link":"http:\/\/staging.ibermusicas.org\/index.php\/comienza-el-festival-virtual-de-oboe-de-costa-rica\/","title":{"rendered":"Comienza el Festival Virtual de Oboe de Costa Rica"},"content":{"rendered":"<p>El Festival Virtual de Oboe es el primer festival concebido de forma virtual para obo\u00edstas hispanohablantes. Nace a inicios del a\u00f1o 2021 de mano de la obo\u00edsta, music\u00f3loga y gestora cultural Alba Mar\u00eda Moreno Serrano, con la idea de reunir a obo\u00edstas de Latinoam\u00e9rica, Espa\u00f1a y Estados Unidos. El principal prop\u00f3sito del evento es brindar a estudiantes y profesionales herramientas y conocimientos interdisciplinares, aportando a su desarrollo musical, profesional y personal.<\/p>\n<p>&nbsp;<\/p>\n<p>En su primera edici\u00f3n reuni\u00f3 a obo\u00edstas de 13 pa\u00edses y otorg\u00f3 13 becas a estudiantes. El festival inicia de forma virtual a consecuencia de la pandemia, pero pretende mantenerse de esta forma al haberse evidenciado que ayuda a profesionales y estudiantes a adquirir acceso a esta educaci\u00f3n interdisciplinaria para desarrollar sus habilidades como obo\u00edsta y artista.<\/p>\n<p>&nbsp;<\/p>\n<p>4,5,11,12 y 18 de junio, 20 hs.<\/p>\n","protected":false},"excerpt":{"rendered":"<p>El Festival Virtual de Oboe es el primer festival concebido de forma virtual para obo\u00edstas hispanohablantes. Nace a inicios del a\u00f1o 2021 de mano de la obo\u00edsta, music\u00f3loga y gestora cultural Alba Mar\u00eda Moreno Serrano, con la idea de reunir a obo\u00edstas de Latinoam\u00e9rica, Espa\u00f1a y Estados Unidos. El principal prop\u00f3sito del evento es brindar [&hellip;]<\/p>\n","protected":false},"author":1,"featured_media":12206,"comment_status":"closed","ping_status":"closed","sticky":false,"template":"","format":"standard","meta":{"footnotes":""},"categories":[53],"tags":[],"class_list":["post-12205","post","type-post","status-publish","format-standard","has-post-thumbnail","hentry","category-noticias-generales"],"lang":"es","translations":{"es":12205,"pt":12208},"pll_sync_post":[],"post_mailing_queue_ids":[],"_links":{"self":[{"href":"http:\/\/staging.ibermusicas.org\/index.php\/wp-json\/wp\/v2\/posts\/12205","targetHints":{"allow":["GET"]}}],"collection":[{"href":"http:\/\/staging.ibermusicas.org\/index.php\/wp-json\/wp\/v2\/posts"}],"about":[{"href":"http:\/\/staging.ibermusicas.org\/index.php\/wp-json\/wp\/v2\/types\/post"}],"author":[{"embeddable":true,"href":"http:\/\/staging.ibermusicas.org\/index.php\/wp-json\/wp\/v2\/users\/1"}],"replies":[{"embeddable":true,"href":"http:\/\/staging.ibermusicas.org\/index.php\/wp-json\/wp\/v2\/comments?post=12205"}],"version-history":[{"count":1,"href":"http:\/\/staging.ibermusicas.org\/index.php\/wp-json\/wp\/v2\/posts\/12205\/revisions"}],"predecessor-version":[{"id":12207,"href":"http:\/\/staging.ibermusicas.org\/index.php\/wp-json\/wp\/v2\/posts\/12205\/revisions\/12207"}],"wp:featuredmedia":[{"embeddable":true,"href":"http:\/\/staging.ibermusicas.org\/index.php\/wp-json\/wp\/v2\/media\/12206"}],"wp:attachment":[{"href":"http:\/\/staging.ibermusicas.org\/index.php\/wp-json\/wp\/v2\/media?parent=12205"}],"wp:term":[{"taxonomy":"category","embeddable":true,"href":"http:\/\/staging.ibermusicas.org\/index.php\/wp-json\/wp\/v2\/categories?post=12205"},{"taxonomy":"post_tag","embeddable":true,"href":"http:\/\/staging.ibermusicas.org\/index.php\/wp-json\/wp\/v2\/tags?post=12205"}],"curies":[{"name":"wp","href":"https:\/\/api.w.org\/{rel}","templated":true}]}}