{"id":12208,"date":"2022-06-07T17:29:12","date_gmt":"2022-06-07T17:29:12","guid":{"rendered":"http:\/\/staging.ibermusicas.org\/?p=12208"},"modified":"2022-06-07T17:29:12","modified_gmt":"2022-06-07T17:29:12","slug":"comeca-o-festival-virtual-de-oboe-da-costa-rica","status":"publish","type":"post","link":"http:\/\/staging.ibermusicas.org\/index.php\/comeca-o-festival-virtual-de-oboe-da-costa-rica\/","title":{"rendered":"Come\u00e7a o Festival Virtual de Obo\u00e9 da Costa Rica"},"content":{"rendered":"<p>O Festival Virtual de Oboe \u00e9 o primeiro festival concebido de forma virtual para obo\u00edstas falantes de espanhol. Nasceu no in\u00edcio do ano 2021 de m\u00e3o da obo\u00edsta, music\u00f3loga e gestora cultural Alba Mar\u00eda Moreno Serrano, com a ideia de reunir obo\u00edstas da Am\u00e9rica Latina, Espanha e Estados Unidos. O principal objetivo do evento \u00e9 proporcionar aos estudantes e profissionais ferramentas e conhecimentos interdisciplinares, contribuindo para o seu desenvolvimento musical, profissional e pessoal.<\/p>\n<p>&nbsp;<\/p>\n<p>Na sua primeira edi\u00e7\u00e3o, reuniu obo\u00edstas de 13 pa\u00edses e concedeu 13 bolsas de estudo a estudantes. O festival inicia-se virtualmente em consequ\u00eancia da pandemia, mas pretende manter-se desta forma ao ter-se evidenciado que ajuda profissionais e estudantes a adquirir acesso a esta educa\u00e7\u00e3o interdisciplinar para desenvolver suas habilidades como obo\u00edsta e artista.<\/p>\n<p>&nbsp;<\/p>\n<p>4,5,11,12 e 18 de junho, 20 hs.<\/p>\n","protected":false},"excerpt":{"rendered":"<p>O Festival Virtual de Oboe \u00e9 o primeiro festival concebido de forma virtual para obo\u00edstas falantes de espanhol. Nasceu no in\u00edcio do ano 2021 de m\u00e3o da obo\u00edsta, music\u00f3loga e gestora cultural Alba Mar\u00eda Moreno Serrano, com a ideia de reunir obo\u00edstas da Am\u00e9rica Latina, Espanha e Estados Unidos. O principal objetivo do evento \u00e9 [&hellip;]<\/p>\n","protected":false},"author":1,"featured_media":12206,"comment_status":"closed","ping_status":"closed","sticky":false,"template":"","format":"standard","meta":{"footnotes":""},"categories":[218],"tags":[],"class_list":["post-12208","post","type-post","status-publish","format-standard","has-post-thumbnail","hentry","category-noticias-generales-pt"],"lang":"pt","translations":{"pt":12208,"es":12205},"pll_sync_post":[],"post_mailing_queue_ids":[],"_links":{"self":[{"href":"http:\/\/staging.ibermusicas.org\/index.php\/wp-json\/wp\/v2\/posts\/12208","targetHints":{"allow":["GET"]}}],"collection":[{"href":"http:\/\/staging.ibermusicas.org\/index.php\/wp-json\/wp\/v2\/posts"}],"about":[{"href":"http:\/\/staging.ibermusicas.org\/index.php\/wp-json\/wp\/v2\/types\/post"}],"author":[{"embeddable":true,"href":"http:\/\/staging.ibermusicas.org\/index.php\/wp-json\/wp\/v2\/users\/1"}],"replies":[{"embeddable":true,"href":"http:\/\/staging.ibermusicas.org\/index.php\/wp-json\/wp\/v2\/comments?post=12208"}],"version-history":[{"count":1,"href":"http:\/\/staging.ibermusicas.org\/index.php\/wp-json\/wp\/v2\/posts\/12208\/revisions"}],"predecessor-version":[{"id":12209,"href":"http:\/\/staging.ibermusicas.org\/index.php\/wp-json\/wp\/v2\/posts\/12208\/revisions\/12209"}],"wp:featuredmedia":[{"embeddable":true,"href":"http:\/\/staging.ibermusicas.org\/index.php\/wp-json\/wp\/v2\/media\/12206"}],"wp:attachment":[{"href":"http:\/\/staging.ibermusicas.org\/index.php\/wp-json\/wp\/v2\/media?parent=12208"}],"wp:term":[{"taxonomy":"category","embeddable":true,"href":"http:\/\/staging.ibermusicas.org\/index.php\/wp-json\/wp\/v2\/categories?post=12208"},{"taxonomy":"post_tag","embeddable":true,"href":"http:\/\/staging.ibermusicas.org\/index.php\/wp-json\/wp\/v2\/tags?post=12208"}],"curies":[{"name":"wp","href":"https:\/\/api.w.org\/{rel}","templated":true}]}}