{"id":12210,"date":"2022-06-07T17:34:15","date_gmt":"2022-06-07T17:34:15","guid":{"rendered":"http:\/\/staging.ibermusicas.org\/?p=12210"},"modified":"2022-06-07T17:34:15","modified_gmt":"2022-06-07T17:34:15","slug":"los-arpistas-paraguayos-sixto-corbalan-y-juanjo-corbalan-comienzan-su-taller-virtual-de-arpa-paraguaya-contemporanea","status":"publish","type":"post","link":"http:\/\/staging.ibermusicas.org\/index.php\/los-arpistas-paraguayos-sixto-corbalan-y-juanjo-corbalan-comienzan-su-taller-virtual-de-arpa-paraguaya-contemporanea\/","title":{"rendered":"Los arpistas paraguayos Sixto Corbal\u00e1n y Juanjo Corbal\u00e1n comienzan su taller virtual de Arpa Paraguaya Contempor\u00e1nea"},"content":{"rendered":"<p>El arpa paraguaya es el instrumento considerado como s\u00edmbolo de la cultura musical nacional del Paraguay seg\u00fan Ley N\u00ba 4.001. Durante el mes de junio y en conicidencia con las celebraciones del d\u00eda del arpa paraguaya (9 de junio) los reconocidos arpistas paraguayos Sixto y Juanjo Corbal\u00e1n, estar\u00e1n desarrollando 4 talleres para 4 destacadas organizaciones e instituciones sudamericanas del arpa y la cultura, quienes estar\u00e1n oficiando de anfitriones de manera local, en Panam\u00e1, M\u00e9xico, Colombia y Argentina.<\/p>\n<p>&nbsp;<\/p>\n<p>El taller se centrar\u00e1 en los sonidos tradicionales del arpa paraguaya llenos de contrastes, riqueza sonora y su proyecci\u00f3n contempor\u00e1nea, as\u00ed como en aumentar los recursos de la improvisaci\u00f3n explorando texturas sonoras en torno a la m\u00fasica y g\u00e9neros tradicionales, partiendo desde el ritmo de polca paraguaya como eje principal.<\/p>\n<p>&nbsp;<\/p>\n<p>Los hermanos Corbal\u00e1n, son considerados los nuevos referentes del arpa y de la m\u00fasica instrumental paraguaya. Desde el 2007 cada uno tiene ganado un sitial de privilegio como solistas y compositores. En los \u00faltimos tiempos son requeridos en los diversos escenarios regionales e internacionales (Am\u00e9rica, Europa, Asia y Ocean\u00eda). Sus investigaciones e incursiones musicales hacia otros g\u00e9neros hacen de este d\u00fao de arpas una perfecta sinton\u00eda con una sonoridad sorprendente.<\/p>\n<p>&nbsp;<\/p>\n<p>&nbsp;<\/p>\n<p>Jueves 9 &#8212; Fundaci\u00f3n Danilo P\u00e9rez\/Panam\u00e1 &#8211; 07Pm horario de Panam\u00e1 <a href=\"https:\/\/www.facebook.com\/FundacionDaniloPerez\">https:\/\/www.facebook.com\/FundacionDaniloPerez<\/a><\/p>\n<p>&nbsp;<\/p>\n<p>Jueves 16 &#8211; La casa del Arpa\/M\u00e9xico &#8211; 05Pm horario de M\u00e9xico <a href=\"https:\/\/www.facebook.com\/Lacasadelarpa\">https:\/\/www.facebook.com\/Lacasadelarpa<\/a><\/p>\n<p>&nbsp;<\/p>\n<p>Jueves 23 &#8211; Instituto de Cultura Corrientes\/Argentina &#8211; 07Pm horario de Argentina <a href=\"https:\/\/www.facebook.com\/CulturaCorrientes\">https:\/\/www.facebook.com\/CulturaCorrientes<\/a><\/p>\n<p>&nbsp;<\/p>\n<p>Jueves 30 &#8211; Maestros del Arpa\/Colombia &#8211; 07Pm horario de Colombia <a href=\"https:\/\/www.facebook.com\/maestrosdelarpa\">https:\/\/www.facebook.com\/maestrosdelarpa<\/a><\/p>\n","protected":false},"excerpt":{"rendered":"<p>El arpa paraguaya es el instrumento considerado como s\u00edmbolo de la cultura musical nacional del Paraguay seg\u00fan Ley N\u00ba 4.001. Durante el mes de junio y en conicidencia con las celebraciones del d\u00eda del arpa paraguaya (9 de junio) los reconocidos arpistas paraguayos Sixto y Juanjo Corbal\u00e1n, estar\u00e1n desarrollando 4 talleres para 4 destacadas organizaciones [&hellip;]<\/p>\n","protected":false},"author":1,"featured_media":12211,"comment_status":"closed","ping_status":"closed","sticky":false,"template":"","format":"standard","meta":{"footnotes":""},"categories":[53],"tags":[],"class_list":["post-12210","post","type-post","status-publish","format-standard","has-post-thumbnail","hentry","category-noticias-generales"],"lang":"es","translations":{"es":12210,"pt":12213},"pll_sync_post":[],"post_mailing_queue_ids":[],"_links":{"self":[{"href":"http:\/\/staging.ibermusicas.org\/index.php\/wp-json\/wp\/v2\/posts\/12210","targetHints":{"allow":["GET"]}}],"collection":[{"href":"http:\/\/staging.ibermusicas.org\/index.php\/wp-json\/wp\/v2\/posts"}],"about":[{"href":"http:\/\/staging.ibermusicas.org\/index.php\/wp-json\/wp\/v2\/types\/post"}],"author":[{"embeddable":true,"href":"http:\/\/staging.ibermusicas.org\/index.php\/wp-json\/wp\/v2\/users\/1"}],"replies":[{"embeddable":true,"href":"http:\/\/staging.ibermusicas.org\/index.php\/wp-json\/wp\/v2\/comments?post=12210"}],"version-history":[{"count":1,"href":"http:\/\/staging.ibermusicas.org\/index.php\/wp-json\/wp\/v2\/posts\/12210\/revisions"}],"predecessor-version":[{"id":12212,"href":"http:\/\/staging.ibermusicas.org\/index.php\/wp-json\/wp\/v2\/posts\/12210\/revisions\/12212"}],"wp:featuredmedia":[{"embeddable":true,"href":"http:\/\/staging.ibermusicas.org\/index.php\/wp-json\/wp\/v2\/media\/12211"}],"wp:attachment":[{"href":"http:\/\/staging.ibermusicas.org\/index.php\/wp-json\/wp\/v2\/media?parent=12210"}],"wp:term":[{"taxonomy":"category","embeddable":true,"href":"http:\/\/staging.ibermusicas.org\/index.php\/wp-json\/wp\/v2\/categories?post=12210"},{"taxonomy":"post_tag","embeddable":true,"href":"http:\/\/staging.ibermusicas.org\/index.php\/wp-json\/wp\/v2\/tags?post=12210"}],"curies":[{"name":"wp","href":"https:\/\/api.w.org\/{rel}","templated":true}]}}