{"id":12213,"date":"2022-06-07T17:35:20","date_gmt":"2022-06-07T17:35:20","guid":{"rendered":"http:\/\/staging.ibermusicas.org\/?p=12213"},"modified":"2022-06-07T17:35:20","modified_gmt":"2022-06-07T17:35:20","slug":"os-harpistas-paraguaios-sixto-corbalan-e-juanjo-corbalan-comecam-sua-oficina-virtual-de-harpa-paraguaia-contemporanea","status":"publish","type":"post","link":"http:\/\/staging.ibermusicas.org\/index.php\/os-harpistas-paraguaios-sixto-corbalan-e-juanjo-corbalan-comecam-sua-oficina-virtual-de-harpa-paraguaia-contemporanea\/","title":{"rendered":"Os harpistas paraguaios Sixto Corbal\u00e1n e Juanjo Corbal\u00e1n come\u00e7am sua oficina virtual de Harpa Paraguaia Contempor\u00e2nea"},"content":{"rendered":"<p>A harpa paraguaia \u00e9 o instrumento considerado como s\u00edmbolo da cultura musical nacional do Paraguai segundo Lei N\u00ba 4.001. Durante o m\u00eas de junho e em coincid\u00eancia com as celebra\u00e7\u00f5es do dia da harpa paraguaia (9 de junho) os reconhecidos harpistas paraguaios Sixto e Juanjo Corbal\u00e1n, estar\u00e3o desenvolvendo 4 oficinas para 4 destacadas organiza\u00e7\u00f5es e institui\u00e7\u00f5es sul-americanas da harpa e da cultura, que estar\u00e3o oficializando em modo de anfitri\u00f5es de maneira local, no Panam\u00e1, M\u00e9xico, Col\u00f4mbia e Argentina.<\/p>\n<p>&nbsp;<\/p>\n<p>A oficina se centrar\u00e1 nos sons tradicionais da harpa paraguaia cheios de contrastes, riqueza sonora e sua proje\u00e7\u00e3o contempor\u00e2nea, bem como em aumentar os recursos da improvisa\u00e7\u00e3o explorando texturas sonoras em torno da m\u00fasica e g\u00eaneros tradicionais, partindo do ritmo de polca paraguaia como eixo principal.<\/p>\n<p>&nbsp;<\/p>\n<p>Os irm\u00e3os Corbal\u00e1n, s\u00e3o considerados os novos referentes da harpa e da m\u00fasica instrumental paraguaia. Desde 2007 cada um ganhou um lugar de privil\u00e9gio como solistas e compositores. Nos \u00faltimos tempos s\u00e3o requeridos nos diversos cen\u00e1rios regionais e internacionais (Am\u00e9rica, Europa, \u00c1sia e Oceania). Suas pesquisas e incurs\u00f5es musicais para outros g\u00eaneros fazem desta dupla de harpas uma perfeita sintonia com uma sonoridade surpreendente.<\/p>\n<p>&nbsp;<\/p>\n<p>&nbsp;<\/p>\n<p>Quinta-feira 9 &#8212; Funda\u00e7\u00e3o Danilo P\u00e9rez\/Panam\u00e1 &#8211; 07pm hor\u00e1rio de Panam\u00e1 <a href=\"https:\/\/www.facebook.com\/FundacionDaniloPerez\">https:\/\/www.facebook.com\/FundacionDaniloPerez<\/a><\/p>\n<p>&nbsp;<\/p>\n<p>Quinta-feira 16 &#8211; La casa del Arpa\/M\u00e9xico &#8211; 05pm hor\u00e1rio do M\u00e9xico <a href=\"https:\/\/www.facebook.com\/Lacasadelarpa\">https:\/\/www.facebook.com\/Lacasadelarpa<\/a><\/p>\n<p>&nbsp;<\/p>\n<p>Quinta-feira 23 &#8211; Instituto de Cultura Corrientes\/Argentina &#8211; 07pm hor\u00e1rio da Argentina <a href=\"https:\/\/www.facebook.com\/CulturaCorrientes\">https:\/\/www.facebook.com\/CulturaCorrientes<\/a><\/p>\n<p>&nbsp;<\/p>\n<p>Quinta-feira 30 &#8211; Arpa Masters\/Col\u00f4mbia &#8211; 07pm hor\u00e1rio da Col\u00f4mbia <a href=\"https:\/\/www.facebook.com\/maestrosdelarpa\">https:\/\/www.facebook.com\/maestrosdelarpa<\/a><\/p>\n","protected":false},"excerpt":{"rendered":"<p>A harpa paraguaia \u00e9 o instrumento considerado como s\u00edmbolo da cultura musical nacional do Paraguai segundo Lei N\u00ba 4.001. Durante o m\u00eas de junho e em coincid\u00eancia com as celebra\u00e7\u00f5es do dia da harpa paraguaia (9 de junho) os reconhecidos harpistas paraguaios Sixto e Juanjo Corbal\u00e1n, estar\u00e3o desenvolvendo 4 oficinas para 4 destacadas organiza\u00e7\u00f5es e [&hellip;]<\/p>\n","protected":false},"author":1,"featured_media":12211,"comment_status":"closed","ping_status":"closed","sticky":false,"template":"","format":"standard","meta":{"footnotes":""},"categories":[218],"tags":[],"class_list":["post-12213","post","type-post","status-publish","format-standard","has-post-thumbnail","hentry","category-noticias-generales-pt"],"lang":"pt","translations":{"pt":12213,"es":12210},"pll_sync_post":[],"post_mailing_queue_ids":[],"_links":{"self":[{"href":"http:\/\/staging.ibermusicas.org\/index.php\/wp-json\/wp\/v2\/posts\/12213","targetHints":{"allow":["GET"]}}],"collection":[{"href":"http:\/\/staging.ibermusicas.org\/index.php\/wp-json\/wp\/v2\/posts"}],"about":[{"href":"http:\/\/staging.ibermusicas.org\/index.php\/wp-json\/wp\/v2\/types\/post"}],"author":[{"embeddable":true,"href":"http:\/\/staging.ibermusicas.org\/index.php\/wp-json\/wp\/v2\/users\/1"}],"replies":[{"embeddable":true,"href":"http:\/\/staging.ibermusicas.org\/index.php\/wp-json\/wp\/v2\/comments?post=12213"}],"version-history":[{"count":1,"href":"http:\/\/staging.ibermusicas.org\/index.php\/wp-json\/wp\/v2\/posts\/12213\/revisions"}],"predecessor-version":[{"id":12214,"href":"http:\/\/staging.ibermusicas.org\/index.php\/wp-json\/wp\/v2\/posts\/12213\/revisions\/12214"}],"wp:featuredmedia":[{"embeddable":true,"href":"http:\/\/staging.ibermusicas.org\/index.php\/wp-json\/wp\/v2\/media\/12211"}],"wp:attachment":[{"href":"http:\/\/staging.ibermusicas.org\/index.php\/wp-json\/wp\/v2\/media?parent=12213"}],"wp:term":[{"taxonomy":"category","embeddable":true,"href":"http:\/\/staging.ibermusicas.org\/index.php\/wp-json\/wp\/v2\/categories?post=12213"},{"taxonomy":"post_tag","embeddable":true,"href":"http:\/\/staging.ibermusicas.org\/index.php\/wp-json\/wp\/v2\/tags?post=12213"}],"curies":[{"name":"wp","href":"https:\/\/api.w.org\/{rel}","templated":true}]}}