{"id":12215,"date":"2022-06-07T17:36:35","date_gmt":"2022-06-07T17:36:35","guid":{"rendered":"http:\/\/staging.ibermusicas.org\/?p=12215"},"modified":"2022-06-07T17:36:35","modified_gmt":"2022-06-07T17:36:35","slug":"el-musico-basileno-alexandre-garnize-presenta-en-peru-sus-talleres-baque-virado-trazos-que-nos-irmanam","status":"publish","type":"post","link":"http:\/\/staging.ibermusicas.org\/index.php\/el-musico-basileno-alexandre-garnize-presenta-en-peru-sus-talleres-baque-virado-trazos-que-nos-irmanam\/","title":{"rendered":"El m\u00fasico basile\u00f1o Alexandre Garniz\u00e9 presenta en Per\u00fa sus talleres \u00abBaque Virado, trazos que nos Irmanam\u00bb"},"content":{"rendered":"<p>El taller \u00abBaque Virado, rasgos que nos hermanan\u00bb trabajar\u00e1 sobre la historia de la m\u00fasica afro-brasile\u00f1a incluyendo pr\u00e1cticas instrumentales en grupo y pr\u00e1cticas de creatividad y sociabilidad.<\/p>\n<p>&nbsp;<\/p>\n<p>El taller abordar\u00e1 la percepci\u00f3n musical con la ense\u00f1anza de ritmos del Maracatu de Baque Virado y del Candombl\u00e9 y sus aproximaciones con ritmos afroperuanos como festejo, cumbia y chicha. Para ello, el m\u00fasico e historiador Alexandre Garniz\u00e9 trabajar\u00e1 las relaciones entre m\u00fasica afro-brasile\u00f1a y cultura afro-peruana como instrumento de transformaci\u00f3n y de valorizaci\u00f3n de la autoestima de la comunidad afro-peruana. El perfeccionamiento y formaci\u00f3n de agentes multiplicadores de ciudadan\u00eda ser\u00e1n los resultados propuestos en la m\u00fasica percusiva como sesgo para la valorizaci\u00f3n del individuo y como s\u00edmbolo de afirmaci\u00f3n de la identidad negra en Am\u00e9rica Latina despertando el respeto a la diversidad \u00e9tnico-musical-religiosa.<\/p>\n<p>&nbsp;<\/p>\n<p>&nbsp;<\/p>\n<p>Del 3 al 13 de junio<\/p>\n","protected":false},"excerpt":{"rendered":"<p>El taller \u00abBaque Virado, rasgos que nos hermanan\u00bb trabajar\u00e1 sobre la historia de la m\u00fasica afro-brasile\u00f1a incluyendo pr\u00e1cticas instrumentales en grupo y pr\u00e1cticas de creatividad y sociabilidad. &nbsp; El taller abordar\u00e1 la percepci\u00f3n musical con la ense\u00f1anza de ritmos del Maracatu de Baque Virado y del Candombl\u00e9 y sus aproximaciones con ritmos afroperuanos como festejo, [&hellip;]<\/p>\n","protected":false},"author":1,"featured_media":12216,"comment_status":"closed","ping_status":"closed","sticky":false,"template":"","format":"standard","meta":{"footnotes":""},"categories":[53],"tags":[],"class_list":["post-12215","post","type-post","status-publish","format-standard","has-post-thumbnail","hentry","category-noticias-generales"],"lang":"es","translations":{"es":12215,"pt":12218},"pll_sync_post":[],"post_mailing_queue_ids":[],"_links":{"self":[{"href":"http:\/\/staging.ibermusicas.org\/index.php\/wp-json\/wp\/v2\/posts\/12215","targetHints":{"allow":["GET"]}}],"collection":[{"href":"http:\/\/staging.ibermusicas.org\/index.php\/wp-json\/wp\/v2\/posts"}],"about":[{"href":"http:\/\/staging.ibermusicas.org\/index.php\/wp-json\/wp\/v2\/types\/post"}],"author":[{"embeddable":true,"href":"http:\/\/staging.ibermusicas.org\/index.php\/wp-json\/wp\/v2\/users\/1"}],"replies":[{"embeddable":true,"href":"http:\/\/staging.ibermusicas.org\/index.php\/wp-json\/wp\/v2\/comments?post=12215"}],"version-history":[{"count":1,"href":"http:\/\/staging.ibermusicas.org\/index.php\/wp-json\/wp\/v2\/posts\/12215\/revisions"}],"predecessor-version":[{"id":12217,"href":"http:\/\/staging.ibermusicas.org\/index.php\/wp-json\/wp\/v2\/posts\/12215\/revisions\/12217"}],"wp:featuredmedia":[{"embeddable":true,"href":"http:\/\/staging.ibermusicas.org\/index.php\/wp-json\/wp\/v2\/media\/12216"}],"wp:attachment":[{"href":"http:\/\/staging.ibermusicas.org\/index.php\/wp-json\/wp\/v2\/media?parent=12215"}],"wp:term":[{"taxonomy":"category","embeddable":true,"href":"http:\/\/staging.ibermusicas.org\/index.php\/wp-json\/wp\/v2\/categories?post=12215"},{"taxonomy":"post_tag","embeddable":true,"href":"http:\/\/staging.ibermusicas.org\/index.php\/wp-json\/wp\/v2\/tags?post=12215"}],"curies":[{"name":"wp","href":"https:\/\/api.w.org\/{rel}","templated":true}]}}