{"id":12220,"date":"2022-06-07T17:39:04","date_gmt":"2022-06-07T17:39:04","guid":{"rendered":"http:\/\/staging.ibermusicas.org\/?p=12220"},"modified":"2022-06-30T18:47:19","modified_gmt":"2022-06-30T18:47:19","slug":"comienza-el-ciclo-de-conciertos-virtuales-flautistas-dulces-de-latinoamerica-organizado-desde-chile","status":"publish","type":"post","link":"http:\/\/staging.ibermusicas.org\/index.php\/comienza-el-ciclo-de-conciertos-virtuales-flautistas-dulces-de-latinoamerica-organizado-desde-chile\/","title":{"rendered":"Comienza el ciclo de Conciertos Virtuales Flautistas Dulces de Latinoam\u00e9rica organizado desde Chile"},"content":{"rendered":"<p>Este evento consiste en un ciclo de cuatro conciertos virtuales a realizarse cada domingo de junio. Por medio de esta iniciativa se pretende ampliar y fortalecer la red de flautistas dulces latinoamericanos\/as brind\u00e1ndoles un espacio de integraci\u00f3n y conexi\u00f3n. Adem\u00e1s, se busca reivindicar la valoraci\u00f3n del instrumento por medio de la visibilizaci\u00f3n de referentes de nivel profesional.<\/p>\n<p>&nbsp;<\/p>\n<p>Participar\u00e1n m\u00e1s de 25 m\u00fasicos de Chile, Per\u00fa, Brasil, Argentina, M\u00e9xico, Bolivia y Uruguay esperando acceder as\u00ed a un amplio p\u00fablico e incentivar la creaci\u00f3n de una comunidad regional.<\/p>\n<p>&nbsp;<\/p>\n<p>La Red de Flautistas dulces de Latinoam\u00e9rica surge durante el a\u00f1o 2020, en pleno contexto de crisis sanitaria, como una iniciativa que busca generar espacios de colaboraci\u00f3n musical virtual donde los flautistas dulces de diversos pa\u00edses del continente puedan generar lazos y, a la vez, mostrar su trabajo con el instrumento. Para ello se organizan los \u00abConciertos Virtuales\u00bb como una forma de visibilizar la gran calidad interpretativa de los de la regi\u00f3n.<\/p>\n<p>&nbsp;<\/p>\n<p>Domingos 5, 12, 19 y 26 de junio (17.00 hrs. PE-MX, 18.00 hrs. CL- BO, 19.00 hrs. AR- UY- BR)<\/p>\n<p>&nbsp;<\/p>\n<p><a href=\"https:\/\/www.youtube.com\/channel\/UCL8A2flsevf1OHMNyDmvT1Q\">https:\/\/www.youtube.com\/channel\/UCL8A2flsevf1OHMNyDmvT1Q<\/a><\/p>\n<p><a href=\"https:\/\/www.flautistasdulceslatinoamerica.com\/\">https:\/\/www.flautistasdulceslatinoamerica.com\/<\/a><\/p>\n<p><a href=\"https:\/\/www.facebook.com\/flautistasdulces.latinoamerica\">https:\/\/www.facebook.com\/flautistasdulces.latinoamerica<\/a><\/p>\n<p>&nbsp;<\/p>\n","protected":false},"excerpt":{"rendered":"<p>Este evento consiste en un ciclo de cuatro conciertos virtuales a realizarse cada domingo de junio. Por medio de esta iniciativa se pretende ampliar y fortalecer la red de flautistas dulces latinoamericanos\/as brind\u00e1ndoles un espacio de integraci\u00f3n y conexi\u00f3n. Adem\u00e1s, se busca reivindicar la valoraci\u00f3n del instrumento por medio de la visibilizaci\u00f3n de referentes de [&hellip;]<\/p>\n","protected":false},"author":1,"featured_media":12221,"comment_status":"closed","ping_status":"closed","sticky":false,"template":"","format":"standard","meta":{"footnotes":""},"categories":[53],"tags":[],"class_list":["post-12220","post","type-post","status-publish","format-standard","has-post-thumbnail","hentry","category-noticias-generales"],"lang":"es","translations":{"es":12220,"pt":12223},"pll_sync_post":[],"post_mailing_queue_ids":[],"_links":{"self":[{"href":"http:\/\/staging.ibermusicas.org\/index.php\/wp-json\/wp\/v2\/posts\/12220","targetHints":{"allow":["GET"]}}],"collection":[{"href":"http:\/\/staging.ibermusicas.org\/index.php\/wp-json\/wp\/v2\/posts"}],"about":[{"href":"http:\/\/staging.ibermusicas.org\/index.php\/wp-json\/wp\/v2\/types\/post"}],"author":[{"embeddable":true,"href":"http:\/\/staging.ibermusicas.org\/index.php\/wp-json\/wp\/v2\/users\/1"}],"replies":[{"embeddable":true,"href":"http:\/\/staging.ibermusicas.org\/index.php\/wp-json\/wp\/v2\/comments?post=12220"}],"version-history":[{"count":1,"href":"http:\/\/staging.ibermusicas.org\/index.php\/wp-json\/wp\/v2\/posts\/12220\/revisions"}],"predecessor-version":[{"id":12222,"href":"http:\/\/staging.ibermusicas.org\/index.php\/wp-json\/wp\/v2\/posts\/12220\/revisions\/12222"}],"wp:featuredmedia":[{"embeddable":true,"href":"http:\/\/staging.ibermusicas.org\/index.php\/wp-json\/wp\/v2\/media\/12221"}],"wp:attachment":[{"href":"http:\/\/staging.ibermusicas.org\/index.php\/wp-json\/wp\/v2\/media?parent=12220"}],"wp:term":[{"taxonomy":"category","embeddable":true,"href":"http:\/\/staging.ibermusicas.org\/index.php\/wp-json\/wp\/v2\/categories?post=12220"},{"taxonomy":"post_tag","embeddable":true,"href":"http:\/\/staging.ibermusicas.org\/index.php\/wp-json\/wp\/v2\/tags?post=12220"}],"curies":[{"name":"wp","href":"https:\/\/api.w.org\/{rel}","templated":true}]}}