{"id":12223,"date":"2022-06-07T17:40:23","date_gmt":"2022-06-07T17:40:23","guid":{"rendered":"http:\/\/staging.ibermusicas.org\/?p=12223"},"modified":"2022-06-30T18:51:19","modified_gmt":"2022-06-30T18:51:19","slug":"comeca-o-ciclo-de-concertos-virtuais-flautistas-doces-da-america-latina-organizado-a-partir-do-chile","status":"publish","type":"post","link":"http:\/\/staging.ibermusicas.org\/index.php\/comeca-o-ciclo-de-concertos-virtuais-flautistas-doces-da-america-latina-organizado-a-partir-do-chile\/","title":{"rendered":"Come\u00e7a o ciclo de Concertos Virtuais Flautistas Doces da Am\u00e9rica Latina organizado a partir do Chile"},"content":{"rendered":"<p>Este evento consiste em um ciclo de quatro concertos virtuais a serem realizados a cada domingo de junho. Com esta iniciativa pretende-se ampliar e fortalecer a rede de flautistas doces latino-americanos\/as, proporcionando-lhes um espa\u00e7o de integra\u00e7\u00e3o e conex\u00e3o. Al\u00e9m disso, procura-se reivindicar a avalia\u00e7\u00e3o do instrumento por meio da visibiliza\u00e7\u00e3o de referentes de n\u00edvel profissional.<\/p>\n<p>&nbsp;<\/p>\n<p>Participar\u00e3o mais de 25 m\u00fasicos do Chile, Peru, Brasil, Argentina, M\u00e9xico, Bol\u00edvia e Uruguai, esperando assim acessar um amplo p\u00fablico e incentivar a cria\u00e7\u00e3o de uma comunidade regional.<\/p>\n<p>&nbsp;<\/p>\n<p>A Rede de Flautistas Doces da Am\u00e9rica Latina surge durante o ano de 2020, em pleno contexto de crise sanit\u00e1ria, como uma iniciativa que busca gerar espa\u00e7os de colabora\u00e7\u00e3o musical virtual onde os flautistas doces de diversos pa\u00edses do continente possam gerar la\u00e7os e, ao mesmo tempo, mostrar o seu trabalho com o instrumento. Para isso se organizam os \u00abConcertos Virtuais\u00bb como uma forma de visibilizar a grande qualidade interpretativa dos flautistas da regi\u00e3o.<\/p>\n<p>&nbsp;<\/p>\n<p>&nbsp;<\/p>\n<p>Domingos 5, 12, 19 e 26 de Junho (17.00 hrs. PE-MX, 18.00 hrs. CL- BO, 19.00 hrs. AR- UY- BR)<\/p>\n<p>&nbsp;<\/p>\n<p><a href=\"https:\/\/www.youtube.com\/channel\/UCL8A2flsevf1OHMNyDmvT1Q\">https:\/\/www.youtube.com\/channel\/UCL8A2flsevf1OHMNyDmvT1Q<\/a><\/p>\n<p><a href=\"https:\/\/www.flautistasdulceslatinoamerica.com\/\">https:\/\/www.flautistasdulceslatinoamerica.com\/<\/a><\/p>\n<p><a href=\"https:\/\/www.facebook.com\/flautistasdulces.latinoamerica\">https:\/\/www.facebook.com\/flautistasdulces.latinoamerica<\/a><\/p>\n","protected":false},"excerpt":{"rendered":"<p>Este evento consiste em um ciclo de quatro concertos virtuais a serem realizados a cada domingo de junho. Com esta iniciativa pretende-se ampliar e fortalecer a rede de flautistas doces latino-americanos\/as, proporcionando-lhes um espa\u00e7o de integra\u00e7\u00e3o e conex\u00e3o. Al\u00e9m disso, procura-se reivindicar a avalia\u00e7\u00e3o do instrumento por meio da visibiliza\u00e7\u00e3o de referentes de n\u00edvel profissional. [&hellip;]<\/p>\n","protected":false},"author":1,"featured_media":12221,"comment_status":"closed","ping_status":"closed","sticky":false,"template":"","format":"standard","meta":{"footnotes":""},"categories":[218],"tags":[],"class_list":["post-12223","post","type-post","status-publish","format-standard","has-post-thumbnail","hentry","category-noticias-generales-pt"],"lang":"pt","translations":{"pt":12223,"es":12220},"pll_sync_post":[],"post_mailing_queue_ids":[],"_links":{"self":[{"href":"http:\/\/staging.ibermusicas.org\/index.php\/wp-json\/wp\/v2\/posts\/12223","targetHints":{"allow":["GET"]}}],"collection":[{"href":"http:\/\/staging.ibermusicas.org\/index.php\/wp-json\/wp\/v2\/posts"}],"about":[{"href":"http:\/\/staging.ibermusicas.org\/index.php\/wp-json\/wp\/v2\/types\/post"}],"author":[{"embeddable":true,"href":"http:\/\/staging.ibermusicas.org\/index.php\/wp-json\/wp\/v2\/users\/1"}],"replies":[{"embeddable":true,"href":"http:\/\/staging.ibermusicas.org\/index.php\/wp-json\/wp\/v2\/comments?post=12223"}],"version-history":[{"count":1,"href":"http:\/\/staging.ibermusicas.org\/index.php\/wp-json\/wp\/v2\/posts\/12223\/revisions"}],"predecessor-version":[{"id":12224,"href":"http:\/\/staging.ibermusicas.org\/index.php\/wp-json\/wp\/v2\/posts\/12223\/revisions\/12224"}],"wp:featuredmedia":[{"embeddable":true,"href":"http:\/\/staging.ibermusicas.org\/index.php\/wp-json\/wp\/v2\/media\/12221"}],"wp:attachment":[{"href":"http:\/\/staging.ibermusicas.org\/index.php\/wp-json\/wp\/v2\/media?parent=12223"}],"wp:term":[{"taxonomy":"category","embeddable":true,"href":"http:\/\/staging.ibermusicas.org\/index.php\/wp-json\/wp\/v2\/categories?post=12223"},{"taxonomy":"post_tag","embeddable":true,"href":"http:\/\/staging.ibermusicas.org\/index.php\/wp-json\/wp\/v2\/tags?post=12223"}],"curies":[{"name":"wp","href":"https:\/\/api.w.org\/{rel}","templated":true}]}}