{"id":12225,"date":"2022-06-07T17:42:35","date_gmt":"2022-06-07T17:42:35","guid":{"rendered":"http:\/\/staging.ibermusicas.org\/?p=12225"},"modified":"2022-06-07T17:42:35","modified_gmt":"2022-06-07T17:42:35","slug":"desde-mexico-llega-la-cuarta-edicion-del-festival-internacional-de-flauta-piccolo-oaxaca-2022","status":"publish","type":"post","link":"http:\/\/staging.ibermusicas.org\/index.php\/desde-mexico-llega-la-cuarta-edicion-del-festival-internacional-de-flauta-piccolo-oaxaca-2022\/","title":{"rendered":"Desde M\u00e9xico llega la Cuarta Edici\u00f3n del Festival Internacional de Flauta &#038; Piccolo Oaxaca 2022"},"content":{"rendered":"<p>Con el firme compromiso de ser un festival formativo que profesionaliza la tradici\u00f3n band\u00edstica en el estado de Oaxaca, y adapt\u00e1ndose al uso tecnol\u00f3gico derivado de la contingencia sanitaria actual, llega una cuarta edici\u00f3n del Festival Internacional de Flauta &amp; Piccolo Oaxaca 2022.<\/p>\n<p>&nbsp;<\/p>\n<p>Este Festival ofrece un programa orientado a flautistas ejecutantes de todas las edades y nacionalidades. En esta ocasi\u00f3n, el FIFyPO 2022 alberga a destacados profesores y concertistas de flauta y piccolo provenientes de Chile, B\u00e9lgica, Espa\u00f1a, Colombia, Ciudad de M\u00e9xico y Oaxaca. Ell programa se compone de un Taller de Solos Orquestales, Clases maestras, FIFyPO Ni\u00f1os y Conferencias Magistrales, cada una de las actividades se transmitir\u00e1n en las cuentas oficiales de Facebook, YouTube y la plataforma Zoom.<\/p>\n<p>&nbsp;<\/p>\n<p>Los flautistas seleccionados a trav\u00e9s de audici\u00f3n, participaran de manera activa en las clases magistrales, los cuales se integrar\u00e1n al grupo correspondiente acorde a su nivel de interpretaci\u00f3n en las Categor\u00edas Infantil, Intermedio y Profesional, brindando la oportunidad a los interesados de unirse como oyentes.<\/p>\n<p>&nbsp;<\/p>\n<p>&nbsp;<\/p>\n<p>Del 4 de junio al 4 de agosto<\/p>\n<p><a href=\"https:\/\/www.facebook.com\/FIFYPO\/\">https:\/\/www.facebook.com\/FIFYPO\/<\/a><\/p>\n<p>&nbsp;<\/p>\n","protected":false},"excerpt":{"rendered":"<p>Con el firme compromiso de ser un festival formativo que profesionaliza la tradici\u00f3n band\u00edstica en el estado de Oaxaca, y adapt\u00e1ndose al uso tecnol\u00f3gico derivado de la contingencia sanitaria actual, llega una cuarta edici\u00f3n del Festival Internacional de Flauta &amp; Piccolo Oaxaca 2022. &nbsp; Este Festival ofrece un programa orientado a flautistas ejecutantes de todas [&hellip;]<\/p>\n","protected":false},"author":1,"featured_media":12226,"comment_status":"closed","ping_status":"closed","sticky":false,"template":"","format":"standard","meta":{"footnotes":""},"categories":[53],"tags":[],"class_list":["post-12225","post","type-post","status-publish","format-standard","has-post-thumbnail","hentry","category-noticias-generales"],"lang":"es","translations":{"es":12225,"pt":12228},"pll_sync_post":[],"post_mailing_queue_ids":[],"_links":{"self":[{"href":"http:\/\/staging.ibermusicas.org\/index.php\/wp-json\/wp\/v2\/posts\/12225","targetHints":{"allow":["GET"]}}],"collection":[{"href":"http:\/\/staging.ibermusicas.org\/index.php\/wp-json\/wp\/v2\/posts"}],"about":[{"href":"http:\/\/staging.ibermusicas.org\/index.php\/wp-json\/wp\/v2\/types\/post"}],"author":[{"embeddable":true,"href":"http:\/\/staging.ibermusicas.org\/index.php\/wp-json\/wp\/v2\/users\/1"}],"replies":[{"embeddable":true,"href":"http:\/\/staging.ibermusicas.org\/index.php\/wp-json\/wp\/v2\/comments?post=12225"}],"version-history":[{"count":1,"href":"http:\/\/staging.ibermusicas.org\/index.php\/wp-json\/wp\/v2\/posts\/12225\/revisions"}],"predecessor-version":[{"id":12227,"href":"http:\/\/staging.ibermusicas.org\/index.php\/wp-json\/wp\/v2\/posts\/12225\/revisions\/12227"}],"wp:featuredmedia":[{"embeddable":true,"href":"http:\/\/staging.ibermusicas.org\/index.php\/wp-json\/wp\/v2\/media\/12226"}],"wp:attachment":[{"href":"http:\/\/staging.ibermusicas.org\/index.php\/wp-json\/wp\/v2\/media?parent=12225"}],"wp:term":[{"taxonomy":"category","embeddable":true,"href":"http:\/\/staging.ibermusicas.org\/index.php\/wp-json\/wp\/v2\/categories?post=12225"},{"taxonomy":"post_tag","embeddable":true,"href":"http:\/\/staging.ibermusicas.org\/index.php\/wp-json\/wp\/v2\/tags?post=12225"}],"curies":[{"name":"wp","href":"https:\/\/api.w.org\/{rel}","templated":true}]}}