{"id":12228,"date":"2022-06-07T17:43:48","date_gmt":"2022-06-07T17:43:48","guid":{"rendered":"http:\/\/staging.ibermusicas.org\/?p=12228"},"modified":"2022-06-07T17:43:48","modified_gmt":"2022-06-07T17:43:48","slug":"do-mexico-chega-a-quarta-edicao-do-festival-internacional-de-flauta-piccolo-oaxaca-2022","status":"publish","type":"post","link":"http:\/\/staging.ibermusicas.org\/index.php\/do-mexico-chega-a-quarta-edicao-do-festival-internacional-de-flauta-piccolo-oaxaca-2022\/","title":{"rendered":"Do M\u00e9xico chega a Quarta Edi\u00e7\u00e3o do Festival Internacional de Flauta &#038; Piccolo Oaxaca 2022"},"content":{"rendered":"<p>Com o firme compromisso de ser um festival formativo que profissionaliza a tradi\u00e7\u00e3o band\u00edstica no estado de Oaxaca, e adaptando-se ao uso tecnol\u00f3gico derivado da conting\u00eancia sanit\u00e1ria atual, chega uma quarta edi\u00e7\u00e3o do Festival Internacional de Flauta &amp; Piccolo Oaxaca 2022.<\/p>\n<p>&nbsp;<\/p>\n<p>Este Festival oferece um programa orientado a flautistas executantes de todas as idades e nacionalidades. Nesta ocasi\u00e3o, o FIFyPO 2022 abriga destacados professores e concertistas de flauta e Piccolo provenientes do Chile, B\u00e9lgica, Espanha, Col\u00f4mbia, Cidade do M\u00e9xico e Oaxaca. O programa \u00e9 composto por uma Oficina de Solos Orquestais, Aulas Mestras, FIFyPO Crian\u00e7as e Palestras Magistrais, cada uma das atividades ser\u00e1 transmitida nas contas oficiais do Facebook, YouTube e plataforma Zoom.<\/p>\n<p>&nbsp;<\/p>\n<p>Os flautistas selecionados atrav\u00e9s da audi\u00e7\u00e3o, participar\u00e3o ativamente nas classes magistrais, os quais se integrar\u00e3o ao grupo correspondente de acordo com seu n\u00edvel de interpreta\u00e7\u00e3o nas Categorias Infantil, Intermedi\u00e1rio e Profissional, dando a oportunidade aos interessados de se juntarem como ouvintes.<\/p>\n<p>&nbsp;<\/p>\n<p>&nbsp;<\/p>\n<p>De 4 de junho a 4 de agosto<\/p>\n<p><a href=\"https:\/\/www.facebook.com\/FIFYPO\/\">https:\/\/www.facebook.com\/FIFYPO\/<\/a><\/p>\n","protected":false},"excerpt":{"rendered":"<p>Com o firme compromisso de ser um festival formativo que profissionaliza a tradi\u00e7\u00e3o band\u00edstica no estado de Oaxaca, e adaptando-se ao uso tecnol\u00f3gico derivado da conting\u00eancia sanit\u00e1ria atual, chega uma quarta edi\u00e7\u00e3o do Festival Internacional de Flauta &amp; Piccolo Oaxaca 2022. &nbsp; Este Festival oferece um programa orientado a flautistas executantes de todas as idades [&hellip;]<\/p>\n","protected":false},"author":1,"featured_media":12226,"comment_status":"closed","ping_status":"closed","sticky":false,"template":"","format":"standard","meta":{"footnotes":""},"categories":[218],"tags":[],"class_list":["post-12228","post","type-post","status-publish","format-standard","has-post-thumbnail","hentry","category-noticias-generales-pt"],"lang":"pt","translations":{"pt":12228,"es":12225},"pll_sync_post":[],"post_mailing_queue_ids":[],"_links":{"self":[{"href":"http:\/\/staging.ibermusicas.org\/index.php\/wp-json\/wp\/v2\/posts\/12228","targetHints":{"allow":["GET"]}}],"collection":[{"href":"http:\/\/staging.ibermusicas.org\/index.php\/wp-json\/wp\/v2\/posts"}],"about":[{"href":"http:\/\/staging.ibermusicas.org\/index.php\/wp-json\/wp\/v2\/types\/post"}],"author":[{"embeddable":true,"href":"http:\/\/staging.ibermusicas.org\/index.php\/wp-json\/wp\/v2\/users\/1"}],"replies":[{"embeddable":true,"href":"http:\/\/staging.ibermusicas.org\/index.php\/wp-json\/wp\/v2\/comments?post=12228"}],"version-history":[{"count":1,"href":"http:\/\/staging.ibermusicas.org\/index.php\/wp-json\/wp\/v2\/posts\/12228\/revisions"}],"predecessor-version":[{"id":12229,"href":"http:\/\/staging.ibermusicas.org\/index.php\/wp-json\/wp\/v2\/posts\/12228\/revisions\/12229"}],"wp:featuredmedia":[{"embeddable":true,"href":"http:\/\/staging.ibermusicas.org\/index.php\/wp-json\/wp\/v2\/media\/12226"}],"wp:attachment":[{"href":"http:\/\/staging.ibermusicas.org\/index.php\/wp-json\/wp\/v2\/media?parent=12228"}],"wp:term":[{"taxonomy":"category","embeddable":true,"href":"http:\/\/staging.ibermusicas.org\/index.php\/wp-json\/wp\/v2\/categories?post=12228"},{"taxonomy":"post_tag","embeddable":true,"href":"http:\/\/staging.ibermusicas.org\/index.php\/wp-json\/wp\/v2\/tags?post=12228"}],"curies":[{"name":"wp","href":"https:\/\/api.w.org\/{rel}","templated":true}]}}