{"id":12233,"date":"2022-06-07T17:47:14","date_gmt":"2022-06-07T17:47:14","guid":{"rendered":"http:\/\/staging.ibermusicas.org\/?p=12233"},"modified":"2022-10-03T02:33:14","modified_gmt":"2022-10-03T02:33:14","slug":"ibermusicas-difunde-a-nova-convocatoria-do-festival-expressoes-contemporaneas-do-mexico","status":"publish","type":"post","link":"http:\/\/staging.ibermusicas.org\/index.php\/ibermusicas-difunde-a-nova-convocatoria-do-festival-expressoes-contemporaneas-do-mexico\/","title":{"rendered":"Iberm\u00fasicas difunde a nova convocat\u00f3ria do Festival Express\u00f5es Contempor\u00e2neas do M\u00e9xico"},"content":{"rendered":"<p>O Festival Express\u00f5es Contempor\u00e2neas (FEC) \u00e9 um f\u00f3rum mexicano de m\u00fasica de concerto contempor\u00e2neo, cria\u00e7\u00e3o sonora e interdisciplina do s\u00e9culo XXI, organizado nas cidades de Puebla, Xalapa, CDMX, Morelia, Monterrey e Chihuahua pelo Coletivo Express\u00f5es Contempor\u00e2neas (CEC), composto por compositores e int\u00e9rpretes provenientes de diferentes institui\u00e7\u00f5es de m\u00fasica, cria\u00e7\u00e3o sonora e arte dentro e fora do pa\u00eds.<\/p>\n<p>&nbsp;<\/p>\n<p>A FEC divulga e divulga novas propostas no \u00e2mbito da cria\u00e7\u00e3o, interpreta\u00e7\u00e3o e pesquisa musical sonora e interdisciplinar de artistas e acad\u00eamicos profissionais com forma\u00e7\u00e3o e trajet\u00f3ria diversificada atrav\u00e9s da apresenta\u00e7\u00e3o de diversas atividades.<\/p>\n<p>&nbsp;<\/p>\n<p>O Festival Express\u00f5es Contempor\u00e2neas \u00e9 o primeiro festival em seu tipo realizado em n\u00edvel nacional no M\u00e9xico com proje\u00e7\u00e3o internacional. Al\u00e9m do FEC, o CEC conta com a plataforma Anachrony, um espa\u00e7o educativo transdisciplinar e ambiente virtual de aprendizagem no qual se realizam diplomados, cursos, oficinas, aulas magistrais, al\u00e9m da gest\u00e3o, difus\u00e3o e produ\u00e7\u00e3o art\u00edstica. Al\u00e9m disso, o coletivo trabalha na revista de Arte, Interdisciplina e Som ARIS do festival, especializada na difus\u00e3o e divulga\u00e7\u00e3o de artigos, confer\u00eancias, entrevistas, palestras, conversat\u00f3rios e podcasts.<\/p>\n","protected":false},"excerpt":{"rendered":"<p>O Festival Express\u00f5es Contempor\u00e2neas (FEC) \u00e9 um f\u00f3rum mexicano de m\u00fasica de concerto contempor\u00e2neo, cria\u00e7\u00e3o sonora e interdisciplina do s\u00e9culo XXI, organizado nas cidades de Puebla, Xalapa, CDMX, Morelia, Monterrey e Chihuahua pelo Coletivo Express\u00f5es Contempor\u00e2neas (CEC), composto por compositores e int\u00e9rpretes provenientes de diferentes institui\u00e7\u00f5es de m\u00fasica, cria\u00e7\u00e3o sonora e arte dentro e fora [&hellip;]<\/p>\n","protected":false},"author":1,"featured_media":12231,"comment_status":"closed","ping_status":"closed","sticky":false,"template":"","format":"standard","meta":{"footnotes":""},"categories":[218],"tags":[],"class_list":["post-12233","post","type-post","status-publish","format-standard","has-post-thumbnail","hentry","category-noticias-generales-pt"],"lang":"pt","translations":{"pt":12233,"es":12230},"pll_sync_post":[],"post_mailing_queue_ids":[],"_links":{"self":[{"href":"http:\/\/staging.ibermusicas.org\/index.php\/wp-json\/wp\/v2\/posts\/12233","targetHints":{"allow":["GET"]}}],"collection":[{"href":"http:\/\/staging.ibermusicas.org\/index.php\/wp-json\/wp\/v2\/posts"}],"about":[{"href":"http:\/\/staging.ibermusicas.org\/index.php\/wp-json\/wp\/v2\/types\/post"}],"author":[{"embeddable":true,"href":"http:\/\/staging.ibermusicas.org\/index.php\/wp-json\/wp\/v2\/users\/1"}],"replies":[{"embeddable":true,"href":"http:\/\/staging.ibermusicas.org\/index.php\/wp-json\/wp\/v2\/comments?post=12233"}],"version-history":[{"count":1,"href":"http:\/\/staging.ibermusicas.org\/index.php\/wp-json\/wp\/v2\/posts\/12233\/revisions"}],"predecessor-version":[{"id":12234,"href":"http:\/\/staging.ibermusicas.org\/index.php\/wp-json\/wp\/v2\/posts\/12233\/revisions\/12234"}],"wp:featuredmedia":[{"embeddable":true,"href":"http:\/\/staging.ibermusicas.org\/index.php\/wp-json\/wp\/v2\/media\/12231"}],"wp:attachment":[{"href":"http:\/\/staging.ibermusicas.org\/index.php\/wp-json\/wp\/v2\/media?parent=12233"}],"wp:term":[{"taxonomy":"category","embeddable":true,"href":"http:\/\/staging.ibermusicas.org\/index.php\/wp-json\/wp\/v2\/categories?post=12233"},{"taxonomy":"post_tag","embeddable":true,"href":"http:\/\/staging.ibermusicas.org\/index.php\/wp-json\/wp\/v2\/tags?post=12233"}],"curies":[{"name":"wp","href":"https:\/\/api.w.org\/{rel}","templated":true}]}}