{"id":12253,"date":"2022-06-14T18:34:30","date_gmt":"2022-06-14T18:34:30","guid":{"rendered":"http:\/\/staging.ibermusicas.org\/?p=12253"},"modified":"2022-06-30T18:47:06","modified_gmt":"2022-06-30T18:47:06","slug":"se-estrena-eloisa-diaz-ciencia-urgente-mediometraje-musical-animado-sobre-la-primera-medica-chilena-y-de-america-latina","status":"publish","type":"post","link":"http:\/\/staging.ibermusicas.org\/index.php\/se-estrena-eloisa-diaz-ciencia-urgente-mediometraje-musical-animado-sobre-la-primera-medica-chilena-y-de-america-latina\/","title":{"rendered":"Se estrena Elo\u00edsa D\u00edaz: Ciencia Urgente, mediometraje musical animado sobre la primera m\u00e9dica chilena y de Am\u00e9rica Latina"},"content":{"rendered":"<p>La agrupaci\u00f3n musical de divulgaci\u00f3n hist\u00f3rica Alameda Memoria regresa con su nuevo trabajo que es adem\u00e1s su debut en el formato audiovisual. La primera proyecci\u00f3n p\u00fablica y gratuita de la pieza se realizar\u00e1 en el Campus Doctora Elo\u00edsa D\u00edaz de la Facultad de Medicina de la Universidad de Chile.<\/p>\n<p>&nbsp;<\/p>\n<p>El pr\u00f3ximo 25 de junio se conmemoran 156 a\u00f1os del nacimiento de Elo\u00edsa D\u00edaz, la primera m\u00e9dica chilena y de Am\u00e9rica Latina. Ser\u00e1 justamente en el marco de su natalicio que la agrupaci\u00f3n musical Alameda Memoria estrenar\u00e1 su nuevo trabajo, que visibiliza los aportes de la doctora Elo\u00edsa a la salud p\u00fablica, as\u00ed como tambi\u00e9n los obst\u00e1culos que debi\u00f3 afrontar. Elo\u00edsa D\u00edaz debi\u00f3 ejercer en un contexto extremadamente adverso: la oposici\u00f3n ac\u00e9rrima del mundo conservador al ejercicio profesional de las mujeres sumado a los prejuicios mis\u00f3ginos de la \u00e9poca; el asedio constante de enfermedades letales como la viruela, el c\u00f3lera y la tuberculosis; las carencias materiales de las escuelas p\u00fablicas donde trabaj\u00f3 y las limitaciones tecnol\u00f3gicas: no hab\u00eda antibi\u00f3ticos, anestesia, mascarillas quir\u00fargicas ni se hab\u00eda masificado el uso de la electricidad en la medicina, lo cual tuvo a la propia doctora al borde de la muerte en sus primeros a\u00f1os de ejercicio.<\/p>\n<p>&nbsp;<\/p>\n<p>La obra fue escrita y compuesta por Felipe Sandoval, cuenta con la direcci\u00f3n musical de Alfonsina Torrealba y la animaci\u00f3n de la realizadora audiovisual Paz Donoso. Alameda Memoria es una agrupaci\u00f3n musical de divulgaci\u00f3n hist\u00f3rica que ya cuenta con dos trabajos anteriores, Cantata por Clotario Blest (2017) y Men\u00e9ndez: Auge y ca\u00edda del rey de la Patagonia (2019). Ambas obras est\u00e1n disponibles en las plataformas de streaming Spotify, Tidal, Apple Music, entre otras<\/p>\n<p>&nbsp;<\/p>\n<p>\u201cLa incursi\u00f3n en el lenguaje de la animaci\u00f3n fue un desaf\u00edo, un aprendizaje y una necesidad de b\u00fasqueda creativa. Tanto la m\u00fasica como la animaci\u00f3n ofrecen posibilidades para comunicar y divulgar historia, y hemos querido aprovecharlas\u201d, dice Felipe Sandoval, autor del trabajo.<\/p>\n<p>&nbsp;<\/p>\n<p>Estrenar esta nueva pieza en el contexto actual, en medio de la pandemia del Covid-19, es especialmente significativo, pues medidas como la vacunaci\u00f3n y la higiene, que fueron fundamentales para proteger a la poblaci\u00f3n, fueron impulsadas en el siglo XX por la doctora Elo\u00edsa para enfrentar las epidemias de su tiempo.<\/p>\n<p>&nbsp;<\/p>\n<p>Estreno presencial: viernes 24 de junio, 18:00 hs. Aula Magna de la Facultad de Medicina de la Universidad de Chile, Av. Independencia 1027, Independencia, Santiago, Chile<\/p>\n<p>&nbsp;<\/p>\n<p>Estreno virtual: s\u00e1bado 25 de junio, 18:00 hs. (Argentina) 19:00 hs. (Chile), 20:00 hs (Colombia) en:\u00a0 <a href=\"http:\/\/www.alamedamemoria.cl\/\">www.alamedamemoria.cl<\/a><\/p>\n","protected":false},"excerpt":{"rendered":"<p>La agrupaci\u00f3n musical de divulgaci\u00f3n hist\u00f3rica Alameda Memoria regresa con su nuevo trabajo que es adem\u00e1s su debut en el formato audiovisual. La primera proyecci\u00f3n p\u00fablica y gratuita de la pieza se realizar\u00e1 en el Campus Doctora Elo\u00edsa D\u00edaz de la Facultad de Medicina de la Universidad de Chile. &nbsp; El pr\u00f3ximo 25 de junio [&hellip;]<\/p>\n","protected":false},"author":1,"featured_media":12254,"comment_status":"closed","ping_status":"closed","sticky":false,"template":"","format":"standard","meta":{"footnotes":""},"categories":[53],"tags":[],"class_list":["post-12253","post","type-post","status-publish","format-standard","has-post-thumbnail","hentry","category-noticias-generales"],"lang":"es","translations":{"es":12253,"pt":12256},"pll_sync_post":[],"post_mailing_queue_ids":[],"_links":{"self":[{"href":"http:\/\/staging.ibermusicas.org\/index.php\/wp-json\/wp\/v2\/posts\/12253","targetHints":{"allow":["GET"]}}],"collection":[{"href":"http:\/\/staging.ibermusicas.org\/index.php\/wp-json\/wp\/v2\/posts"}],"about":[{"href":"http:\/\/staging.ibermusicas.org\/index.php\/wp-json\/wp\/v2\/types\/post"}],"author":[{"embeddable":true,"href":"http:\/\/staging.ibermusicas.org\/index.php\/wp-json\/wp\/v2\/users\/1"}],"replies":[{"embeddable":true,"href":"http:\/\/staging.ibermusicas.org\/index.php\/wp-json\/wp\/v2\/comments?post=12253"}],"version-history":[{"count":1,"href":"http:\/\/staging.ibermusicas.org\/index.php\/wp-json\/wp\/v2\/posts\/12253\/revisions"}],"predecessor-version":[{"id":12255,"href":"http:\/\/staging.ibermusicas.org\/index.php\/wp-json\/wp\/v2\/posts\/12253\/revisions\/12255"}],"wp:featuredmedia":[{"embeddable":true,"href":"http:\/\/staging.ibermusicas.org\/index.php\/wp-json\/wp\/v2\/media\/12254"}],"wp:attachment":[{"href":"http:\/\/staging.ibermusicas.org\/index.php\/wp-json\/wp\/v2\/media?parent=12253"}],"wp:term":[{"taxonomy":"category","embeddable":true,"href":"http:\/\/staging.ibermusicas.org\/index.php\/wp-json\/wp\/v2\/categories?post=12253"},{"taxonomy":"post_tag","embeddable":true,"href":"http:\/\/staging.ibermusicas.org\/index.php\/wp-json\/wp\/v2\/tags?post=12253"}],"curies":[{"name":"wp","href":"https:\/\/api.w.org\/{rel}","templated":true}]}}