{"id":12256,"date":"2022-06-14T18:36:11","date_gmt":"2022-06-14T18:36:11","guid":{"rendered":"http:\/\/staging.ibermusicas.org\/?p=12256"},"modified":"2022-06-30T18:51:10","modified_gmt":"2022-06-30T18:51:10","slug":"estreia-eloisa-diaz-ciencia-urgente-mediometraje-musical-animado-sobre-a-primeira-medica-chilena-e-da-america-latina","status":"publish","type":"post","link":"http:\/\/staging.ibermusicas.org\/index.php\/estreia-eloisa-diaz-ciencia-urgente-mediometraje-musical-animado-sobre-a-primeira-medica-chilena-e-da-america-latina\/","title":{"rendered":"Estreia Elo\u00edsa D\u00edaz: Ciencia Urgente, mediometraje musical animado sobre a primeira m\u00e9dica chilena e da Am\u00e9rica Latina"},"content":{"rendered":"<p>O agrupamento musical de divulga\u00e7\u00e3o hist\u00f3rica Alameda Mem\u00f3ria retorna com seu novo trabalho que \u00e9 al\u00e9m sua estr\u00e9ia no formato audiovisual. A primeira proje\u00e7\u00e3o p\u00fablica e gratuita da pe\u00e7a ser\u00e1 realizada no Campus Doutora Elo\u00edsa D\u00edaz da Faculdade de Medicina da Universidade do Chile.<\/p>\n<p>&nbsp;<\/p>\n<p>No pr\u00f3ximo dia 25 de Junho, comemoram-se 156 anos do nascimento de Elo\u00edsa D\u00edaz, a primeira m\u00e9dica chilena e da Am\u00e9rica Latina. Ser\u00e1 justamente no marco de seu nascimento que o agrupamento musical Alameda Memoria estrear\u00e1 seu novo trabalho, que visibiliza as contribui\u00e7\u00f5es da doutora Elo\u00edsa \u00e0 sa\u00fade p\u00fablica, assim como tamb\u00e9m os obst\u00e1culos que teve que enfrentar. Elo\u00edsa D\u00edaz teve de exercer num contexto extremamente adverso: a oposi\u00e7\u00e3o ac\u00e9rrima do mundo conservador ao exerc\u00edcio profissional das mulheres somado aos preconceitos mis\u00f3ginos da \u00e9poca; o ass\u00e9dio constante de doen\u00e7as letais como a var\u00edola, a c\u00f3lera e a tuberculose; as car\u00eancias materiais das escolas p\u00fablicas onde trabalhou e as limita\u00e7\u00f5es tecnol\u00f3gicas: n\u00e3o havia antibi\u00f3ticos, anestesia, m\u00e1scaras cir\u00fargicas nem se tinha massificado o uso da eletricidade na medicina, O que levou a pr\u00f3pria m\u00e9dica \u00e0 beira da morte em seus primeiros anos de exerc\u00edcio.<\/p>\n<p>&nbsp;<\/p>\n<p>A obra foi escrita e composta por Felipe Sandoval, conta com a dire\u00e7\u00e3o musical de Alfonsina Torrealba e a anima\u00e7\u00e3o da realizadora audiovisual Paz Donoso. Alameda Memoria \u00e9 um agrupamento musical de divulga\u00e7\u00e3o hist\u00f3rica que j\u00e1 conta com dois trabalhos anteriores, Cantata por Clotario Blest (2017) e Men\u00e9ndez: Auge e queda do rei da Patag\u00f4nia (2019). Ambas as obras est\u00e3o dispon\u00edveis nas plataformas de streaming Spotify, Tidal, Apple Music, entre outras<\/p>\n<p>&nbsp;<\/p>\n<p>\u00abA incurs\u00e3o na linguagem da anima\u00e7\u00e3o foi um desafio, uma aprendizagem e uma necessidade de busca criativa. Tanto a m\u00fasica como a anima\u00e7\u00e3o oferecem possibilidades para comunicar e divulgar a hist\u00f3ria, e quisemos aproveit\u00e1-las\u00bb, diz Felipe Sandoval, autor do trabalho.<\/p>\n<p>&nbsp;<\/p>\n<p>Lan\u00e7ar esta nova pe\u00e7a no contexto actual, no meio da pandemia do Covid-19, \u00e9 particularmente significativo, pois medidas como a vacina\u00e7\u00e3o e a higiene, que foram fundamentais para proteger a popula\u00e7\u00e3o, foram impulsionadas no s\u00e9culo XX pela doutora Elo\u00edsa para enfrentar as epidemias de seu tempo.<\/p>\n<p>&nbsp;<\/p>\n<p>&nbsp;<\/p>\n<p>Estreia presencial: sexta-feira, 24 de junho, \u00e0s 18:00 hs. Aula Magna da Faculdade de Medicina da Universidade do Chile, Av. Independ\u00eancia 1027, Independ\u00eancia, Santiago, Chile<\/p>\n<p>&nbsp;<\/p>\n<p>Estreia virtual: s\u00e1bado, 25 de junho, \u00e0s 18:00 hs. (Argentina) 19:00 hs. (Chile), 20:00 hs. (Col\u00f4mbia) em: www.alamedamemoria.cl<\/p>\n","protected":false},"excerpt":{"rendered":"<p>O agrupamento musical de divulga\u00e7\u00e3o hist\u00f3rica Alameda Mem\u00f3ria retorna com seu novo trabalho que \u00e9 al\u00e9m sua estr\u00e9ia no formato audiovisual. A primeira proje\u00e7\u00e3o p\u00fablica e gratuita da pe\u00e7a ser\u00e1 realizada no Campus Doutora Elo\u00edsa D\u00edaz da Faculdade de Medicina da Universidade do Chile. &nbsp; No pr\u00f3ximo dia 25 de Junho, comemoram-se 156 anos do [&hellip;]<\/p>\n","protected":false},"author":1,"featured_media":12254,"comment_status":"closed","ping_status":"closed","sticky":false,"template":"","format":"standard","meta":{"footnotes":""},"categories":[218],"tags":[],"class_list":["post-12256","post","type-post","status-publish","format-standard","has-post-thumbnail","hentry","category-noticias-generales-pt"],"lang":"pt","translations":{"pt":12256,"es":12253},"pll_sync_post":[],"post_mailing_queue_ids":[],"_links":{"self":[{"href":"http:\/\/staging.ibermusicas.org\/index.php\/wp-json\/wp\/v2\/posts\/12256","targetHints":{"allow":["GET"]}}],"collection":[{"href":"http:\/\/staging.ibermusicas.org\/index.php\/wp-json\/wp\/v2\/posts"}],"about":[{"href":"http:\/\/staging.ibermusicas.org\/index.php\/wp-json\/wp\/v2\/types\/post"}],"author":[{"embeddable":true,"href":"http:\/\/staging.ibermusicas.org\/index.php\/wp-json\/wp\/v2\/users\/1"}],"replies":[{"embeddable":true,"href":"http:\/\/staging.ibermusicas.org\/index.php\/wp-json\/wp\/v2\/comments?post=12256"}],"version-history":[{"count":1,"href":"http:\/\/staging.ibermusicas.org\/index.php\/wp-json\/wp\/v2\/posts\/12256\/revisions"}],"predecessor-version":[{"id":12257,"href":"http:\/\/staging.ibermusicas.org\/index.php\/wp-json\/wp\/v2\/posts\/12256\/revisions\/12257"}],"wp:featuredmedia":[{"embeddable":true,"href":"http:\/\/staging.ibermusicas.org\/index.php\/wp-json\/wp\/v2\/media\/12254"}],"wp:attachment":[{"href":"http:\/\/staging.ibermusicas.org\/index.php\/wp-json\/wp\/v2\/media?parent=12256"}],"wp:term":[{"taxonomy":"category","embeddable":true,"href":"http:\/\/staging.ibermusicas.org\/index.php\/wp-json\/wp\/v2\/categories?post=12256"},{"taxonomy":"post_tag","embeddable":true,"href":"http:\/\/staging.ibermusicas.org\/index.php\/wp-json\/wp\/v2\/tags?post=12256"}],"curies":[{"name":"wp","href":"https:\/\/api.w.org\/{rel}","templated":true}]}}