{"id":12258,"date":"2022-06-14T18:38:16","date_gmt":"2022-06-14T18:38:16","guid":{"rendered":"http:\/\/staging.ibermusicas.org\/?p=12258"},"modified":"2022-06-30T18:46:47","modified_gmt":"2022-06-30T18:46:47","slug":"el-compositor-mexicano-ramses-luna-inicia-su-proyecto-bitacora-de-expedicion-mx-cl-que-lo-llevara-por-diversos-lugares-de-chile","status":"publish","type":"post","link":"http:\/\/staging.ibermusicas.org\/index.php\/el-compositor-mexicano-ramses-luna-inicia-su-proyecto-bitacora-de-expedicion-mx-cl-que-lo-llevara-por-diversos-lugares-de-chile\/","title":{"rendered":"El compositor mexicano Rams\u00e9s Luna inicia su proyecto Bit\u00e1cora de Expedici\u00f3n Mx-Cl que lo llevar\u00e1 por diversos lugares de Chile"},"content":{"rendered":"<p>En el mes de junio el m\u00fasico mexicano Rams\u00e9s Luna emprende un viaje con destino m\u00faltiple al sur del mundo. Su viaje tiene tres objetivos: ense\u00f1ar, construir y difundir por medio de la composici\u00f3n en tiempo real en residencia art\u00edstica en tres ciudades con diferentes agrupaciones musicales. Llevar\u00e1 adelante su trabajo creativo junto a la Camerata Vocal de la Universidad de Valpara\u00edso, la Orquesta Regional de Flautas de la Araucan\u00eda, la Agrupaci\u00f3n de M\u00fasicos de Santa Cecilia y el Ensamble Comunitario de Conc\u00f3n para generar obras en tiempo real e irrepetibles.<\/p>\n<p>&nbsp;<\/p>\n<p>Todo se registrar\u00e1 en audio para la edici\u00f3n de un disco en plataforma con el estudio m\u00f3vil del experimentado ingeniero de audio Edgar Arrellin productor musical y piedra angular de la nueva m\u00fasica mexicana.<\/p>\n<p>&nbsp;<\/p>\n<p>El quehacer del arte no se limita a generar obra para provocar \u00fanicamente emociones o entretenimiento en el espectador, la trascendencia de las artes esc\u00e9nicas a lo largo de la historia de la humanidad nos otorga hoy la responsabilidad de definir la identidad de una sociedad contempor\u00e1nea que transita un mundo globalizado en el que cada vez es m\u00e1s necesario recordar el \u201cquienes somos\u201d, \u201cde d\u00f3nde somos\u201d y el \u201ca d\u00f3nde vamos\u201d. Si bien el futuro de la humanidad est\u00e1 en el mestizaje por medio del intercambio de sonoridades, para enriquecer ese \u201cde donde somos\u201d y \u201ca donde vamos\u201d es necesario cuestionarnos \u201c\u00bfqui\u00e9nes somos?\u201d para ubicar cu\u00e1l es nuestro quehacer en la tierra y cu\u00e1les son las fronteras que nos han dividido.<\/p>\n<p>23 de junio 17 hrs \u00abConcierto con la Camerata Vocal de la Universidad de Valpara\u00edso\u00bb, Sala Rub\u00e9n Dario, Radio Valent\u00edn Letelier, Valpara\u00edso, Chile<\/p>\n<p>4 de julio 17 hrs \u00abConcierto con la Orquesta Regional de Flautas de la Araucan\u00eda\u00bb, Residencia Crisol Celeste, Villarrica, Chile<\/p>\n<p>08 de julio 17 hrs \u00abConcierto con la Asociaci\u00f3n de M\u00fasicos Santa Cecilia\u00bb, Bombero Cordova 251, Las \u00c1nimas, Valdivia, Chile<\/p>\n","protected":false},"excerpt":{"rendered":"<p>En el mes de junio el m\u00fasico mexicano Rams\u00e9s Luna emprende un viaje con destino m\u00faltiple al sur del mundo. Su viaje tiene tres objetivos: ense\u00f1ar, construir y difundir por medio de la composici\u00f3n en tiempo real en residencia art\u00edstica en tres ciudades con diferentes agrupaciones musicales. Llevar\u00e1 adelante su trabajo creativo junto a la [&hellip;]<\/p>\n","protected":false},"author":1,"featured_media":12259,"comment_status":"closed","ping_status":"closed","sticky":false,"template":"","format":"standard","meta":{"footnotes":""},"categories":[53],"tags":[],"class_list":["post-12258","post","type-post","status-publish","format-standard","has-post-thumbnail","hentry","category-noticias-generales"],"lang":"es","translations":{"es":12258,"pt":12261},"pll_sync_post":[],"post_mailing_queue_ids":[],"_links":{"self":[{"href":"http:\/\/staging.ibermusicas.org\/index.php\/wp-json\/wp\/v2\/posts\/12258","targetHints":{"allow":["GET"]}}],"collection":[{"href":"http:\/\/staging.ibermusicas.org\/index.php\/wp-json\/wp\/v2\/posts"}],"about":[{"href":"http:\/\/staging.ibermusicas.org\/index.php\/wp-json\/wp\/v2\/types\/post"}],"author":[{"embeddable":true,"href":"http:\/\/staging.ibermusicas.org\/index.php\/wp-json\/wp\/v2\/users\/1"}],"replies":[{"embeddable":true,"href":"http:\/\/staging.ibermusicas.org\/index.php\/wp-json\/wp\/v2\/comments?post=12258"}],"version-history":[{"count":1,"href":"http:\/\/staging.ibermusicas.org\/index.php\/wp-json\/wp\/v2\/posts\/12258\/revisions"}],"predecessor-version":[{"id":12260,"href":"http:\/\/staging.ibermusicas.org\/index.php\/wp-json\/wp\/v2\/posts\/12258\/revisions\/12260"}],"wp:featuredmedia":[{"embeddable":true,"href":"http:\/\/staging.ibermusicas.org\/index.php\/wp-json\/wp\/v2\/media\/12259"}],"wp:attachment":[{"href":"http:\/\/staging.ibermusicas.org\/index.php\/wp-json\/wp\/v2\/media?parent=12258"}],"wp:term":[{"taxonomy":"category","embeddable":true,"href":"http:\/\/staging.ibermusicas.org\/index.php\/wp-json\/wp\/v2\/categories?post=12258"},{"taxonomy":"post_tag","embeddable":true,"href":"http:\/\/staging.ibermusicas.org\/index.php\/wp-json\/wp\/v2\/tags?post=12258"}],"curies":[{"name":"wp","href":"https:\/\/api.w.org\/{rel}","templated":true}]}}