{"id":12261,"date":"2022-06-14T18:40:30","date_gmt":"2022-06-14T18:40:30","guid":{"rendered":"http:\/\/staging.ibermusicas.org\/?p=12261"},"modified":"2022-06-30T18:51:03","modified_gmt":"2022-06-30T18:51:03","slug":"o-compositor-mexicano-ramses-luna-inicia-seu-projeto-diario-de-expedicao-mx-cl-que-o-levara-por-diversos-lugares-do-chile","status":"publish","type":"post","link":"http:\/\/staging.ibermusicas.org\/index.php\/o-compositor-mexicano-ramses-luna-inicia-seu-projeto-diario-de-expedicao-mx-cl-que-o-levara-por-diversos-lugares-do-chile\/","title":{"rendered":"O compositor mexicano Rams\u00e9s Luna inicia seu projeto Di\u00e1rio de Expedi\u00e7\u00e3o Mx-Cl que o levar\u00e1 por diversos lugares do Chile  \u00a0"},"content":{"rendered":"<p>No m\u00eas de junho o m\u00fasico mexicano Rams\u00e9s Luna empreende uma viagem com destino m\u00faltiplo ao sul do mundo. Sua viagem tem tr\u00eas objetivos: ensinar, construir e difundir por meio da composi\u00e7\u00e3o em tempo real em resid\u00eancia art\u00edstica em tr\u00eas cidades com diferentes agrupamentos musicais. Levar\u00e1 adiante seu trabalho criativo junto \u00e0 Camerata Vocal da Universidade de Valpara\u00edso, a Orquestra Regional de Flautas da Araucan\u00eda, o Agrupamento de M\u00fasicos de Santa Cec\u00edlia e\u00a0 Ensamble Comunit\u00e1ria de Conc\u00f3n para gerar obras em tempo real e irrepet\u00edveis.<\/p>\n<p>&nbsp;<\/p>\n<p>Tudo ser\u00e1 registrado em \u00e1udio para a edi\u00e7\u00e3o de um disco em plataforma com o est\u00fadio m\u00f3vel do experiente engenheiro de \u00e1udio Edgar Arrellin produtor musical e pedra angular da nova m\u00fasica mexicana.<\/p>\n<p>&nbsp;<\/p>\n<p>O trabalho da arte n\u00e3o se limita a gerar obra para provocar unicamente emo\u00e7\u00f5es ou entretenimento no espectador, a transcend\u00eancia das artes c\u00eanicas ao longo da hist\u00f3ria da humanidade nos outorga hoje a responsabilidade de definir a identidade de uma sociedade contempor\u00e2nea que transita um mundo globalizado no qual \u00e9 cada vez mais necess\u00e1rio lembrar o \u00abquem somos\u00bb, \u00abde onde somos\u00bb e o \u00abpara onde vamos\u00bb. Enquanto o futuro da humanidade est\u00e1 na mesti\u00e7agem por meio do interc\u00e2mbio de sonoridades, para enriquecer esse \u00abde onde somos\u00bb e \u00abpara onde vamos\u00bb \u00e9 necess\u00e1rio questionar \u00abquem somos?\u00bb para localizar qual \u00e9 a nossa tarefa na terra e quais s\u00e3o as fronteiras que nos dividiram.<\/p>\n<p>&nbsp;<\/p>\n<p>23 de junho 17 hrs \u00abConcerto com a Camerata Vocal da Universidade de Valpara\u00edso\u00bb, Sala Rub\u00e9n Dario, R\u00e1dio Valent\u00edn Letelier, Valpara\u00edso, Chile<\/p>\n<p>4 de julho 17 hrs \u00abConcierto com a Orquestra Regional de Flautas de la Araucan\u00eda\u00bb, Residencia Crisol Celeste, Villarrica, Chile<\/p>\n<p>08 de julho 17 hrs \u00abConcerto com a Associa\u00e7\u00e3o de M\u00fasicos Santa Cec\u00edlia\u00bb, Bombeiro Cordova 251, Las \u00c1nimas, Valdivia, Chile<\/p>\n","protected":false},"excerpt":{"rendered":"<p>No m\u00eas de junho o m\u00fasico mexicano Rams\u00e9s Luna empreende uma viagem com destino m\u00faltiplo ao sul do mundo. Sua viagem tem tr\u00eas objetivos: ensinar, construir e difundir por meio da composi\u00e7\u00e3o em tempo real em resid\u00eancia art\u00edstica em tr\u00eas cidades com diferentes agrupamentos musicais. Levar\u00e1 adiante seu trabalho criativo junto \u00e0 Camerata Vocal da [&hellip;]<\/p>\n","protected":false},"author":1,"featured_media":12259,"comment_status":"closed","ping_status":"closed","sticky":false,"template":"","format":"standard","meta":{"footnotes":""},"categories":[218],"tags":[],"class_list":["post-12261","post","type-post","status-publish","format-standard","has-post-thumbnail","hentry","category-noticias-generales-pt"],"lang":"pt","translations":{"pt":12261,"es":12258},"pll_sync_post":[],"post_mailing_queue_ids":[],"_links":{"self":[{"href":"http:\/\/staging.ibermusicas.org\/index.php\/wp-json\/wp\/v2\/posts\/12261","targetHints":{"allow":["GET"]}}],"collection":[{"href":"http:\/\/staging.ibermusicas.org\/index.php\/wp-json\/wp\/v2\/posts"}],"about":[{"href":"http:\/\/staging.ibermusicas.org\/index.php\/wp-json\/wp\/v2\/types\/post"}],"author":[{"embeddable":true,"href":"http:\/\/staging.ibermusicas.org\/index.php\/wp-json\/wp\/v2\/users\/1"}],"replies":[{"embeddable":true,"href":"http:\/\/staging.ibermusicas.org\/index.php\/wp-json\/wp\/v2\/comments?post=12261"}],"version-history":[{"count":1,"href":"http:\/\/staging.ibermusicas.org\/index.php\/wp-json\/wp\/v2\/posts\/12261\/revisions"}],"predecessor-version":[{"id":12262,"href":"http:\/\/staging.ibermusicas.org\/index.php\/wp-json\/wp\/v2\/posts\/12261\/revisions\/12262"}],"wp:featuredmedia":[{"embeddable":true,"href":"http:\/\/staging.ibermusicas.org\/index.php\/wp-json\/wp\/v2\/media\/12259"}],"wp:attachment":[{"href":"http:\/\/staging.ibermusicas.org\/index.php\/wp-json\/wp\/v2\/media?parent=12261"}],"wp:term":[{"taxonomy":"category","embeddable":true,"href":"http:\/\/staging.ibermusicas.org\/index.php\/wp-json\/wp\/v2\/categories?post=12261"},{"taxonomy":"post_tag","embeddable":true,"href":"http:\/\/staging.ibermusicas.org\/index.php\/wp-json\/wp\/v2\/tags?post=12261"}],"curies":[{"name":"wp","href":"https:\/\/api.w.org\/{rel}","templated":true}]}}