{"id":12271,"date":"2022-06-14T19:13:11","date_gmt":"2022-06-14T19:13:11","guid":{"rendered":"http:\/\/staging.ibermusicas.org\/?p=12271"},"modified":"2022-06-30T18:50:42","modified_gmt":"2022-06-30T18:50:42","slug":"desde-uruguay-analia-chernavsky-apresenta-novos-capitulos-de-arriba-la-mezcla-recitais-didacticos-sobre-a-cantautoria-no-uruguai","status":"publish","type":"post","link":"http:\/\/staging.ibermusicas.org\/index.php\/desde-uruguay-analia-chernavsky-apresenta-novos-capitulos-de-arriba-la-mezcla-recitais-didacticos-sobre-a-cantautoria-no-uruguai\/","title":{"rendered":"Desde Uruguay Anal\u00eda Cher\u00f1avsky apresenta novos cap\u00edtulos de \u00abArriba la mezcla!\u00bb recitais did\u00e1cticos sobre a cantautor\u00eda no Uruguai"},"content":{"rendered":"<p>Este projeto se desenvolve em torno de um repert\u00f3rio singular, que parte da produ\u00e7\u00e3o dos cantores-compositores uruguaios das d\u00e9cadas de 1970 a 1990, mas que \u00e9 reinventado e reinterpretado a partir de misturas com diferentes g\u00eaneros e estilos da m\u00fasica popular latino-americana, que v\u00e3o do tango argentino ao forr\u00f3 brasileiro, da polca paraguaia ao joropo venezuelano.<\/p>\n<p>&nbsp;<\/p>\n<p>O projecto \u00e9 apresentado sob a forma de recitais did\u00e1cticos. O objetivo principal da proposta \u00e9 oferecer uma aproxima\u00e7\u00e3o, tanto de aprecia\u00e7\u00e3o da beleza e profundidade est\u00e9tica, como da compreens\u00e3o s\u00f3cio-hist\u00f3rica e contextual, ao interessant\u00edssimo repert\u00f3rio cantautoral do Uruguai.<\/p>\n<p>&nbsp;<\/p>\n<p>Anal\u00eda Cher\u00f1avsky \u00e9 cantora de m\u00fasica popular. Nascida em Buenos Aires, Argentina, concentra sua forma\u00e7\u00e3o, vida profissional e carreira art\u00edstica no Brasil. Iniciou seus estudos de m\u00fasica no piano. Em Unicamp, Universidade Estadual de Campinas, formou-se em Hist\u00f3ria (1999) e em M\u00fasica Popular, com \u00eanfase em canto (2003). Na mesma universidade defendeu seu mestrado em Hist\u00f3ria Social (2003) e seu doutorado em M\u00fasica (2009), ambas teses com estudos sobre a trajet\u00f3ria e obra do compositor Heitor Villa-Lobos. Realizou parte de seu doutorado em Granada, Espanha, em estadia no arquivo do compositor Manuel de Falla. Em 2008, voltou \u00e0 Espanha para realizar estudos de Mestrado em Musicolog\u00eda para a Prote\u00e7\u00e3o e Difus\u00e3o do Patrim\u00f4nio Art\u00edstico Ibero-americano, no Real Conservat\u00f3rio de M\u00fasica de Madrid e na Real Academia de San Fernando, e no mesmo ano foi contratada como investigadora convidada no Projeto Musicat, vinculado ao Instituto de Pesquisas Est\u00e9ticas da Universidade Nacional Aut\u00f4noma do M\u00e9xico. Vivendo no M\u00e9xico-DF, tornou-se co-respons\u00e1vel pela cataloga\u00e7\u00e3o do arquivo de m\u00fasica da Catedral do M\u00e9xico, respons\u00e1vel pelo cat\u00e1logo on-line e co-editora do cat\u00e1logo impresso do mesmo arquivo. Desde 2012 \u00e9 docente de canto e hist\u00f3ria da m\u00fasica na UNILA, Universidade Federal da Integra\u00e7\u00e3o Latino-americana, em Foz do Igua\u00e7u, e em 2021 realizou sua pesquisa de p\u00f3s-doutorado na Faculdade de Humanidades e Ci\u00eancias da Educa\u00e7\u00e3o da UDELAR, Universidade da Rep\u00fablica do Uruguai, estudando o tema da cantautoria nesse pa\u00eds. Atualmente prepara seu primeiro disco, \u00abMovimiento\u00bb, com um singular repert\u00f3rio de can\u00e7\u00f5es de importantes cantautores do Uruguai.<\/p>\n<p>&nbsp;<\/p>\n<p>Junto com Anal\u00eda Cher\u00f1avsky, voz principal, participam Orlando Mart\u00ednez (Paraguai), guitarras e voz, Mar\u00eda Betania Hern\u00e1ndez (Venezuela), violino, quatro e maracas, \u00c9lvir Barreto (Paraguai), acorde\u00e3o, e Lucas Casacio (Brasil), percuss\u00e3o. Os arranjos s\u00e3o do Orlando Martinez.<\/p>\n<p>&nbsp;<\/p>\n<p>23 e 30 de junho 20:00 hs. (hora Brasil) do canal da UNILA, Universidade Federal da Integra\u00e7\u00e3o Latino-Americana, em Foz de Iguazu, Brasil.<\/p>\n<p>&nbsp;<\/p>\n<p>https:\/\/www.youtube.com\/unila<\/p>\n","protected":false},"excerpt":{"rendered":"<p>Este projeto se desenvolve em torno de um repert\u00f3rio singular, que parte da produ\u00e7\u00e3o dos cantores-compositores uruguaios das d\u00e9cadas de 1970 a 1990, mas que \u00e9 reinventado e reinterpretado a partir de misturas com diferentes g\u00eaneros e estilos da m\u00fasica popular latino-americana, que v\u00e3o do tango argentino ao forr\u00f3 brasileiro, da polca paraguaia ao joropo [&hellip;]<\/p>\n","protected":false},"author":1,"featured_media":12269,"comment_status":"closed","ping_status":"closed","sticky":false,"template":"","format":"standard","meta":{"footnotes":""},"categories":[218],"tags":[],"class_list":["post-12271","post","type-post","status-publish","format-standard","has-post-thumbnail","hentry","category-noticias-generales-pt"],"lang":"pt","translations":{"pt":12271,"es":12268},"pll_sync_post":[],"post_mailing_queue_ids":[],"_links":{"self":[{"href":"http:\/\/staging.ibermusicas.org\/index.php\/wp-json\/wp\/v2\/posts\/12271","targetHints":{"allow":["GET"]}}],"collection":[{"href":"http:\/\/staging.ibermusicas.org\/index.php\/wp-json\/wp\/v2\/posts"}],"about":[{"href":"http:\/\/staging.ibermusicas.org\/index.php\/wp-json\/wp\/v2\/types\/post"}],"author":[{"embeddable":true,"href":"http:\/\/staging.ibermusicas.org\/index.php\/wp-json\/wp\/v2\/users\/1"}],"replies":[{"embeddable":true,"href":"http:\/\/staging.ibermusicas.org\/index.php\/wp-json\/wp\/v2\/comments?post=12271"}],"version-history":[{"count":1,"href":"http:\/\/staging.ibermusicas.org\/index.php\/wp-json\/wp\/v2\/posts\/12271\/revisions"}],"predecessor-version":[{"id":12272,"href":"http:\/\/staging.ibermusicas.org\/index.php\/wp-json\/wp\/v2\/posts\/12271\/revisions\/12272"}],"wp:featuredmedia":[{"embeddable":true,"href":"http:\/\/staging.ibermusicas.org\/index.php\/wp-json\/wp\/v2\/media\/12269"}],"wp:attachment":[{"href":"http:\/\/staging.ibermusicas.org\/index.php\/wp-json\/wp\/v2\/media?parent=12271"}],"wp:term":[{"taxonomy":"category","embeddable":true,"href":"http:\/\/staging.ibermusicas.org\/index.php\/wp-json\/wp\/v2\/categories?post=12271"},{"taxonomy":"post_tag","embeddable":true,"href":"http:\/\/staging.ibermusicas.org\/index.php\/wp-json\/wp\/v2\/tags?post=12271"}],"curies":[{"name":"wp","href":"https:\/\/api.w.org\/{rel}","templated":true}]}}