{"id":12276,"date":"2022-06-14T19:15:24","date_gmt":"2022-06-14T19:15:24","guid":{"rendered":"http:\/\/staging.ibermusicas.org\/?p=12276"},"modified":"2022-06-30T18:50:36","modified_gmt":"2022-06-30T18:50:36","slug":"chega-o-segundo-capitulo-de-dizem-que-no-mar-se-juntam-encontros-de-ida-e-volta-do-folclore-do-mexico-e-do-chile","status":"publish","type":"post","link":"http:\/\/staging.ibermusicas.org\/index.php\/chega-o-segundo-capitulo-de-dizem-que-no-mar-se-juntam-encontros-de-ida-e-volta-do-folclore-do-mexico-e-do-chile\/","title":{"rendered":"Chega o segundo cap\u00edtulo de \u00abDizem que no mar se juntam\u00bb, encontros de ida e volta do folclore do M\u00e9xico e do Chile"},"content":{"rendered":"<p>No marco independentista latino-americano, os povos do Chile e do M\u00e9xico se encontram em seu folclore musical onde fluem duas tradi\u00e7\u00f5es irm\u00e3s, cada qual, com suas respectivas est\u00e9ticas, elementos sonoros e tem\u00e1ticas compartilhadas: a Cueca e Tonada Chilena, e paralelamente a outras express\u00f5es como o Som da Terra Quente do Ocidente do M\u00e9xico.<\/p>\n<p>&nbsp;<\/p>\n<p>O projeto prop\u00f5e uma produ\u00e7\u00e3o audiovisual de quatro cap\u00edtulos, tra\u00e7ados desde a poesia do canto ao poeta e da dan\u00e7a tradicional, a modo de telas revestidas de imagens simb\u00f3licas e evocativas, que caracterizam os paralelismos est\u00e9ticos e identit\u00e1rios de ambas as tradi\u00e7\u00f5es musicais.<\/p>\n<p>&nbsp;<\/p>\n<p>https:\/\/www.facebook.com\/archivosonoroleandrocorona www.archivosonoroleandrocorona.org org<\/p>\n<p>https:\/\/www.youtube.com\/channel\/UCHLiZpeQWCcnybNvqJRxf7Q<\/p>\n<p>https:\/\/vimeo.com\/user89344320<\/p>\n","protected":false},"excerpt":{"rendered":"<p>No marco independentista latino-americano, os povos do Chile e do M\u00e9xico se encontram em seu folclore musical onde fluem duas tradi\u00e7\u00f5es irm\u00e3s, cada qual, com suas respectivas est\u00e9ticas, elementos sonoros e tem\u00e1ticas compartilhadas: a Cueca e Tonada Chilena, e paralelamente a outras express\u00f5es como o Som da Terra Quente do Ocidente do M\u00e9xico. &nbsp; O [&hellip;]<\/p>\n","protected":false},"author":1,"featured_media":12274,"comment_status":"closed","ping_status":"closed","sticky":false,"template":"","format":"standard","meta":{"footnotes":""},"categories":[218],"tags":[],"class_list":["post-12276","post","type-post","status-publish","format-standard","has-post-thumbnail","hentry","category-noticias-generales-pt"],"lang":"pt","translations":{"pt":12276,"es":12273},"pll_sync_post":[],"post_mailing_queue_ids":[],"_links":{"self":[{"href":"http:\/\/staging.ibermusicas.org\/index.php\/wp-json\/wp\/v2\/posts\/12276","targetHints":{"allow":["GET"]}}],"collection":[{"href":"http:\/\/staging.ibermusicas.org\/index.php\/wp-json\/wp\/v2\/posts"}],"about":[{"href":"http:\/\/staging.ibermusicas.org\/index.php\/wp-json\/wp\/v2\/types\/post"}],"author":[{"embeddable":true,"href":"http:\/\/staging.ibermusicas.org\/index.php\/wp-json\/wp\/v2\/users\/1"}],"replies":[{"embeddable":true,"href":"http:\/\/staging.ibermusicas.org\/index.php\/wp-json\/wp\/v2\/comments?post=12276"}],"version-history":[{"count":1,"href":"http:\/\/staging.ibermusicas.org\/index.php\/wp-json\/wp\/v2\/posts\/12276\/revisions"}],"predecessor-version":[{"id":12277,"href":"http:\/\/staging.ibermusicas.org\/index.php\/wp-json\/wp\/v2\/posts\/12276\/revisions\/12277"}],"wp:featuredmedia":[{"embeddable":true,"href":"http:\/\/staging.ibermusicas.org\/index.php\/wp-json\/wp\/v2\/media\/12274"}],"wp:attachment":[{"href":"http:\/\/staging.ibermusicas.org\/index.php\/wp-json\/wp\/v2\/media?parent=12276"}],"wp:term":[{"taxonomy":"category","embeddable":true,"href":"http:\/\/staging.ibermusicas.org\/index.php\/wp-json\/wp\/v2\/categories?post=12276"},{"taxonomy":"post_tag","embeddable":true,"href":"http:\/\/staging.ibermusicas.org\/index.php\/wp-json\/wp\/v2\/tags?post=12276"}],"curies":[{"name":"wp","href":"https:\/\/api.w.org\/{rel}","templated":true}]}}