{"id":12278,"date":"2022-06-14T19:19:18","date_gmt":"2022-06-14T19:19:18","guid":{"rendered":"http:\/\/staging.ibermusicas.org\/?p=12278"},"modified":"2022-06-30T18:46:14","modified_gmt":"2022-06-30T18:46:14","slug":"brassass-la-banda-de-metales-de-mendoza-argentina-se-presentara-en-bilbao-espana","status":"publish","type":"post","link":"http:\/\/staging.ibermusicas.org\/index.php\/brassass-la-banda-de-metales-de-mendoza-argentina-se-presentara-en-bilbao-espana\/","title":{"rendered":"Brassass, la banda de metales de Mendoza, Argentina se presentar\u00e1 en Bilbao, Espa\u00f1a"},"content":{"rendered":"<p>Brassass es un ensamble musical que combina instrumentos de viento y percusi\u00f3n. Creado a semejanza de las tradicionales brassband norteamericanas, debe su nombre a la familia de aer\u00f3fonos (bronces, en este caso) que componen la agrupaci\u00f3n.<\/p>\n<p>&nbsp;<\/p>\n<p>Formada en Mendoza (Argentina), en el a\u00f1o 2015, Brassass es la primera banda que recrea este formato en la regi\u00f3n de Cuyo, e incluso una de las pocas que mantiene actividad constante a nivel nacional. M\u00e1s caracter\u00edstico a\u00fan es el hecho de que su repertorio se conforma en un ciento por ciento de composiciones de propia autor\u00eda. Las composiciones pueden remontarnos r\u00e1pidamente al jazz, al hip hop, al soul, e incluso al rock; sin embargo, la impronta del grupo apunta directamente a la fusi\u00f3n de estos estilos cl\u00e1sicos con otros diversos g\u00e9neros de origen latinoamericano. De este modo Brassass mantiene las bases musicales de una brassband tradicional, pero aporta un sello distintivo en su desarrollo de melod\u00edas y ritmos aut\u00f3ctonos.<\/p>\n<p>&nbsp;<\/p>\n<p>Actualmente, el org\u00e1nico musical de Brassass consta de: dos trompetas, un tromb\u00f3n, un corno de marcha, tres saxofones (contralto y 2 tenores), una tuba, bater\u00eda y percusi\u00f3n.<\/p>\n<p>&nbsp;<\/p>\n<p>&nbsp;<\/p>\n<ul>\n<li>Viernes 24 de junio, 19:00 hs Parque Zelaieta<\/li>\n<li>Viernes 24 de junio, 22:00 hs Plaza Gernika<\/li>\n<li>S\u00e1bado 25 de junio, 20:00 hs Plaza Euskal Herria<\/li>\n<li>S\u00e1bado 25 de junio, 24:00 hs Carpa de Zubiondo<\/li>\n<li>Domingo 26 de junio, 11:00 hs Barrio de Gane<\/li>\n<li>Domingo 26 de junio, 13:00 hs Parque Zelaieta<\/li>\n<li>Lunes 27 de Junio, 17:00 hs. Parque de Do\u00f1a Casilda<\/li>\n<\/ul>\n","protected":false},"excerpt":{"rendered":"<p>Brassass es un ensamble musical que combina instrumentos de viento y percusi\u00f3n. Creado a semejanza de las tradicionales brassband norteamericanas, debe su nombre a la familia de aer\u00f3fonos (bronces, en este caso) que componen la agrupaci\u00f3n. &nbsp; Formada en Mendoza (Argentina), en el a\u00f1o 2015, Brassass es la primera banda que recrea este formato en [&hellip;]<\/p>\n","protected":false},"author":1,"featured_media":12279,"comment_status":"closed","ping_status":"closed","sticky":false,"template":"","format":"standard","meta":{"footnotes":""},"categories":[53],"tags":[],"class_list":["post-12278","post","type-post","status-publish","format-standard","has-post-thumbnail","hentry","category-noticias-generales"],"lang":"es","translations":{"es":12278,"pt":12281},"pll_sync_post":[],"post_mailing_queue_ids":[],"_links":{"self":[{"href":"http:\/\/staging.ibermusicas.org\/index.php\/wp-json\/wp\/v2\/posts\/12278","targetHints":{"allow":["GET"]}}],"collection":[{"href":"http:\/\/staging.ibermusicas.org\/index.php\/wp-json\/wp\/v2\/posts"}],"about":[{"href":"http:\/\/staging.ibermusicas.org\/index.php\/wp-json\/wp\/v2\/types\/post"}],"author":[{"embeddable":true,"href":"http:\/\/staging.ibermusicas.org\/index.php\/wp-json\/wp\/v2\/users\/1"}],"replies":[{"embeddable":true,"href":"http:\/\/staging.ibermusicas.org\/index.php\/wp-json\/wp\/v2\/comments?post=12278"}],"version-history":[{"count":1,"href":"http:\/\/staging.ibermusicas.org\/index.php\/wp-json\/wp\/v2\/posts\/12278\/revisions"}],"predecessor-version":[{"id":12280,"href":"http:\/\/staging.ibermusicas.org\/index.php\/wp-json\/wp\/v2\/posts\/12278\/revisions\/12280"}],"wp:featuredmedia":[{"embeddable":true,"href":"http:\/\/staging.ibermusicas.org\/index.php\/wp-json\/wp\/v2\/media\/12279"}],"wp:attachment":[{"href":"http:\/\/staging.ibermusicas.org\/index.php\/wp-json\/wp\/v2\/media?parent=12278"}],"wp:term":[{"taxonomy":"category","embeddable":true,"href":"http:\/\/staging.ibermusicas.org\/index.php\/wp-json\/wp\/v2\/categories?post=12278"},{"taxonomy":"post_tag","embeddable":true,"href":"http:\/\/staging.ibermusicas.org\/index.php\/wp-json\/wp\/v2\/tags?post=12278"}],"curies":[{"name":"wp","href":"https:\/\/api.w.org\/{rel}","templated":true}]}}