{"id":12281,"date":"2022-06-14T19:25:55","date_gmt":"2022-06-14T19:25:55","guid":{"rendered":"http:\/\/staging.ibermusicas.org\/?p=12281"},"modified":"2022-06-30T18:50:30","modified_gmt":"2022-06-30T18:50:30","slug":"brassass-a-banda-de-metais-de-mendoza-argentina-se-apresentara-em-bilbao-espanha","status":"publish","type":"post","link":"http:\/\/staging.ibermusicas.org\/index.php\/brassass-a-banda-de-metais-de-mendoza-argentina-se-apresentara-em-bilbao-espanha\/","title":{"rendered":"Brassass, a banda de metais de Mendoza, Argentina se apresentar\u00e1 em Bilbao, Espanha"},"content":{"rendered":"<p>Brassass \u00e9 um ensamble musical que combina instrumentos de sopro e percuss\u00e3o. Criado \u00e0 semelhan\u00e7a das tradicionais brassband norte-americanas, deve o seu nome \u00e0 fam\u00edlia de aer\u00f3fonos (bronzes, neste caso) que comp\u00f5em o agrupamento.<\/p>\n<p>&nbsp;<\/p>\n<p>Formada em Mendoza (Argentina), em 2015, Brassass \u00e9 a primeira banda a recriar este formato na regi\u00e3o de Cuyo, e at\u00e9 mesmo uma das poucas que mant\u00e9m atividade constante em n\u00edvel nacional. Mais caracter\u00edstico ainda \u00e9 o fato de que o seu repert\u00f3rio consiste em cem por cento de composi\u00e7\u00f5es de pr\u00f3pria autoria. As composi\u00e7\u00f5es podem remontar-nos rapidamente ao jazz, ao hip hop, ao soul, e inclusive ao rock; entretanto, a impress\u00e3o do grupo aponta diretamente \u00e0 fus\u00e3o destes estilos cl\u00e1ssicos com outros g\u00eaneros diferentes de origem latino-americana. Desta forma, Brassass mant\u00e9m as bases musicais de uma brassband tradicional, mas fornece um selo distintivo no seu desenvolvimento de melodias e ritmos aut\u00f3ctones.<\/p>\n<p>&nbsp;<\/p>\n<p>Atualmente, o org\u00e2nico musical de Brassass consta de: duas trombetas, um trombone, um corno de marcha, tr\u00eas saxofones (contralto e 2 tenores), uma tuba, bateria e percuss\u00e3o.<\/p>\n<p>&nbsp;<\/p>\n<ul>\n<li>Sexta-feira 24 de Junho, 19:00 hs Parque Zelaieta<\/li>\n<li>Sexta-feira 24 de Junho, 22:00 hs Plaza Gernika<\/li>\n<li>S\u00e1bado 25 de junho, 20:00 hs Pra\u00e7a Euskal Herria<\/li>\n<li>S\u00e1bado 25 de junho, 24:00 hs Carpa de Zubiondo<\/li>\n<li>Domingo 26 de junho, 11:00 hs Barrio de Gane<\/li>\n<li>Domingo 26 de Junho, 13:00 hs Parque Zelaieta<\/li>\n<li>Segunda-feira 27 de Junho, 17:00 hs. Parque de Do\u00f1a Casilda<\/li>\n<\/ul>\n","protected":false},"excerpt":{"rendered":"<p>Brassass \u00e9 um ensamble musical que combina instrumentos de sopro e percuss\u00e3o. Criado \u00e0 semelhan\u00e7a das tradicionais brassband norte-americanas, deve o seu nome \u00e0 fam\u00edlia de aer\u00f3fonos (bronzes, neste caso) que comp\u00f5em o agrupamento. &nbsp; Formada em Mendoza (Argentina), em 2015, Brassass \u00e9 a primeira banda a recriar este formato na regi\u00e3o de Cuyo, e [&hellip;]<\/p>\n","protected":false},"author":1,"featured_media":12279,"comment_status":"closed","ping_status":"closed","sticky":false,"template":"","format":"standard","meta":{"footnotes":""},"categories":[218],"tags":[],"class_list":["post-12281","post","type-post","status-publish","format-standard","has-post-thumbnail","hentry","category-noticias-generales-pt"],"lang":"pt","translations":{"pt":12281,"es":12278},"pll_sync_post":[],"post_mailing_queue_ids":[],"_links":{"self":[{"href":"http:\/\/staging.ibermusicas.org\/index.php\/wp-json\/wp\/v2\/posts\/12281","targetHints":{"allow":["GET"]}}],"collection":[{"href":"http:\/\/staging.ibermusicas.org\/index.php\/wp-json\/wp\/v2\/posts"}],"about":[{"href":"http:\/\/staging.ibermusicas.org\/index.php\/wp-json\/wp\/v2\/types\/post"}],"author":[{"embeddable":true,"href":"http:\/\/staging.ibermusicas.org\/index.php\/wp-json\/wp\/v2\/users\/1"}],"replies":[{"embeddable":true,"href":"http:\/\/staging.ibermusicas.org\/index.php\/wp-json\/wp\/v2\/comments?post=12281"}],"version-history":[{"count":1,"href":"http:\/\/staging.ibermusicas.org\/index.php\/wp-json\/wp\/v2\/posts\/12281\/revisions"}],"predecessor-version":[{"id":12282,"href":"http:\/\/staging.ibermusicas.org\/index.php\/wp-json\/wp\/v2\/posts\/12281\/revisions\/12282"}],"wp:featuredmedia":[{"embeddable":true,"href":"http:\/\/staging.ibermusicas.org\/index.php\/wp-json\/wp\/v2\/media\/12279"}],"wp:attachment":[{"href":"http:\/\/staging.ibermusicas.org\/index.php\/wp-json\/wp\/v2\/media?parent=12281"}],"wp:term":[{"taxonomy":"category","embeddable":true,"href":"http:\/\/staging.ibermusicas.org\/index.php\/wp-json\/wp\/v2\/categories?post=12281"},{"taxonomy":"post_tag","embeddable":true,"href":"http:\/\/staging.ibermusicas.org\/index.php\/wp-json\/wp\/v2\/tags?post=12281"}],"curies":[{"name":"wp","href":"https:\/\/api.w.org\/{rel}","templated":true}]}}