{"id":12286,"date":"2022-06-14T19:31:23","date_gmt":"2022-06-14T19:31:23","guid":{"rendered":"http:\/\/staging.ibermusicas.org\/?p=12286"},"modified":"2022-06-14T19:31:23","modified_gmt":"2022-06-14T19:31:23","slug":"aproxima-se-o-concerto-do-portugues-joao-frade-e-o-brasileiro-roberto-mendes-em-portugal","status":"publish","type":"post","link":"http:\/\/staging.ibermusicas.org\/index.php\/aproxima-se-o-concerto-do-portugues-joao-frade-e-o-brasileiro-roberto-mendes-em-portugal\/","title":{"rendered":"Aproxima-se o concerto do portugu\u00eas Jo\u00e3o Frade e o brasileiro Roberto Mendes em Portugal"},"content":{"rendered":"<p>O projeto consiste em 3 dias de resid\u00eancia art\u00edstica entre os dois artistas Jo\u00e3o Frade (Portugu\u00eas) e Roberto Mendes (Brasileiro) para criarem um espet\u00e1culo in\u00e9dito. O show e grava\u00e7\u00e3o acontecer\u00e1 dentro do Festival Encontro de Culturas e ser\u00e1 vinculado nos links do projeto L\u00edngua Terra.<\/p>\n<p>&nbsp;<\/p>\n<p>O projeto L\u00edngua Terra nasce com o objetivo de promover o interc\u00e2mbio entre artistas de seis pa\u00edses unidos pela l\u00edngua portuguesa, fomentando conex\u00f5es culturais e cria\u00e7\u00f5es art\u00edsticas colaborativas. Ao visibilizar a diversidade cultural que comp\u00f5e os distintos territ\u00f3rios, o projeto busca, ainda, contribuir com reflex\u00f5es sobre as possibilidades de criar outros mundos mais justos e igualit\u00e1rios.<\/p>\n<p>&nbsp;<\/p>\n<p>Nesta edi\u00e7\u00e3o o festival L\u00edngua Terra aborda a m\u00fasica como express\u00e3o de m\u00faltiplos saberes, vis\u00f5es de mundo, sentidos de vida e pr\u00e1ticas cotidianas que nos provocam a buscar ra\u00edzes comuns, a criar a partir da diferen\u00e7a e a imaginar outros modos de ser, estar e habitar mundos.<\/p>\n<p>&nbsp;<\/p>\n<p>19 de junho, 19:30 hs. XIX Encontro de Culturas em Musib\u00e9ria, Serpa, Alentejo, Portugal.<\/p>\n<p>Links de transmiss\u00e3o:<\/p>\n<ul>\n<li>https:\/\/www.facebook.com\/projetolinguaterra<\/li>\n<li>https:\/\/www.instagram.com\/projetolinguaterra\/?hl=pt-br<\/li>\n<\/ul>\n","protected":false},"excerpt":{"rendered":"<p>O projeto consiste em 3 dias de resid\u00eancia art\u00edstica entre os dois artistas Jo\u00e3o Frade (Portugu\u00eas) e Roberto Mendes (Brasileiro) para criarem um espet\u00e1culo in\u00e9dito. O show e grava\u00e7\u00e3o acontecer\u00e1 dentro do Festival Encontro de Culturas e ser\u00e1 vinculado nos links do projeto L\u00edngua Terra. &nbsp; O projeto L\u00edngua Terra nasce com o objetivo de [&hellip;]<\/p>\n","protected":false},"author":1,"featured_media":12284,"comment_status":"closed","ping_status":"closed","sticky":false,"template":"","format":"standard","meta":{"footnotes":""},"categories":[218],"tags":[],"class_list":["post-12286","post","type-post","status-publish","format-standard","has-post-thumbnail","hentry","category-noticias-generales-pt"],"lang":"pt","translations":{"pt":12286,"es":12283},"pll_sync_post":[],"post_mailing_queue_ids":[],"_links":{"self":[{"href":"http:\/\/staging.ibermusicas.org\/index.php\/wp-json\/wp\/v2\/posts\/12286","targetHints":{"allow":["GET"]}}],"collection":[{"href":"http:\/\/staging.ibermusicas.org\/index.php\/wp-json\/wp\/v2\/posts"}],"about":[{"href":"http:\/\/staging.ibermusicas.org\/index.php\/wp-json\/wp\/v2\/types\/post"}],"author":[{"embeddable":true,"href":"http:\/\/staging.ibermusicas.org\/index.php\/wp-json\/wp\/v2\/users\/1"}],"replies":[{"embeddable":true,"href":"http:\/\/staging.ibermusicas.org\/index.php\/wp-json\/wp\/v2\/comments?post=12286"}],"version-history":[{"count":1,"href":"http:\/\/staging.ibermusicas.org\/index.php\/wp-json\/wp\/v2\/posts\/12286\/revisions"}],"predecessor-version":[{"id":12287,"href":"http:\/\/staging.ibermusicas.org\/index.php\/wp-json\/wp\/v2\/posts\/12286\/revisions\/12287"}],"wp:featuredmedia":[{"embeddable":true,"href":"http:\/\/staging.ibermusicas.org\/index.php\/wp-json\/wp\/v2\/media\/12284"}],"wp:attachment":[{"href":"http:\/\/staging.ibermusicas.org\/index.php\/wp-json\/wp\/v2\/media?parent=12286"}],"wp:term":[{"taxonomy":"category","embeddable":true,"href":"http:\/\/staging.ibermusicas.org\/index.php\/wp-json\/wp\/v2\/categories?post=12286"},{"taxonomy":"post_tag","embeddable":true,"href":"http:\/\/staging.ibermusicas.org\/index.php\/wp-json\/wp\/v2\/tags?post=12286"}],"curies":[{"name":"wp","href":"https:\/\/api.w.org\/{rel}","templated":true}]}}