{"id":12288,"date":"2022-06-14T19:33:06","date_gmt":"2022-06-14T19:33:06","guid":{"rendered":"http:\/\/staging.ibermusicas.org\/?p=12288"},"modified":"2022-06-30T18:46:05","modified_gmt":"2022-06-30T18:46:05","slug":"teto-ocampo-de-colombia-y-ezequiel-borra-de-argentina-llevan-adelante-su-proyecto-creativo-enos-este-norte-oeste-sur","status":"publish","type":"post","link":"http:\/\/staging.ibermusicas.org\/index.php\/teto-ocampo-de-colombia-y-ezequiel-borra-de-argentina-llevan-adelante-su-proyecto-creativo-enos-este-norte-oeste-sur\/","title":{"rendered":"Teto Ocampo de Colombia y Ezequiel Borra de Argentina llevan adelante su proyecto creativo ENOS (Este Norte Oeste Sur)"},"content":{"rendered":"<p>ENOS (Este Norte Oeste Sur) es un exploratorio para la composici\u00f3n de canciones con Teto Ocampo desde Colombia y Ezequiel Borra desde Argentina. Como espacio sonoro de experiencia trascendental, este exploratorio entre colegas y abierto al p\u00fablico y a las ciberaudiencias. Propone en su primera fase, an\u00e1lisis y reflexi\u00f3n sobre la composici\u00f3n de canciones, a partir de las t\u00e9cnicas y conocimientos develados por estos dos m\u00fasicos, en una serie de 4 sesiones virtuales.<\/p>\n<p>&nbsp;<\/p>\n<p>Desde que se conocen, Teto Ocampo y Ezequiel Borra mantienen una gran conversaci\u00f3n musical, que con el paso de los a\u00f1os ha profundizado en un c\u00edrculo de fuerte amistad y aprendizaje nutrido de constante y exuberante poder creativo, que se potencia de forma significativa cuando tienen oportunidad de reunirse y componer.<\/p>\n<p>&nbsp;<\/p>\n<p>Teto Ocampo hace esta invitaci\u00f3n especial a Ezequiel Borra, compositor, cantor, escritor, multi instrumentista y productor nacido en Argentina. Dos meses de estad\u00eda en Colombia, en un recorrido por 8 lugares de la geograf\u00eda nacional, para compartir juntos charlas y conciertos. Se trata de una gira de 11 conciertos que ser\u00e1 documentada y registrada en audio y video, para una posterior edici\u00f3n y lanzamiento de una segunda miniserie web ENOS.<\/p>\n<p>&nbsp;<\/p>\n<ol>\n<li>E N O S Primera Sesi\u00f3n. Contrapunto Psicod\u00e9lico<\/li>\n<\/ol>\n<p><a href=\"https:\/\/www.youtube.com\/watch?v=W6mPENm9Psw&amp;t=5243s\">https:\/\/www.youtube.com\/watch?v=W6mPENm9Psw&amp;t=5243s<\/a><\/p>\n<p>&nbsp;<\/p>\n<ol start=\"2\">\n<li>E N O S Segunda Sesi\u00f3n. Palabra Versificada<\/li>\n<\/ol>\n<p><a href=\"https:\/\/www.youtube.com\/watch?v=hyKMy7ld2q8&amp;t=66s\">https:\/\/www.youtube.com\/watch?v=hyKMy7ld2q8&amp;t=66s<\/a><\/p>\n<p>&nbsp;<\/p>\n<ol start=\"3\">\n<li>E N O S Tercera Sesi\u00f3n. Sikureo Polimodal<\/li>\n<\/ol>\n<p><a href=\"https:\/\/www.youtube.com\/watch?v=p17y8Zsf0_A&amp;t=7727s\">https:\/\/www.youtube.com\/watch?v=p17y8Zsf0_A&amp;t=<\/a><\/p>\n<p>&nbsp;<\/p>\n<ol start=\"4\">\n<li><a href=\"https:\/\/www.youtube.com\/watch?v=p17y8Zsf0_A&amp;t=7727s\"> E N O S Cuarta Sesi\u00f3n. lo Que Subyace<\/a><\/li>\n<\/ol>\n<p><a href=\"https:\/\/www.youtube.com\/watch?v=yT61c6aDscI&amp;t=1242s\">https:\/\/www.youtube.com\/watch?v=yT61c6aDscI&amp;t=1242s<\/a><a href=\"https:\/\/www.youtube.com\/watch?v=p17y8Zsf0_A&amp;t=7727s\">7727s<\/a><\/p>\n","protected":false},"excerpt":{"rendered":"<p>ENOS (Este Norte Oeste Sur) es un exploratorio para la composici\u00f3n de canciones con Teto Ocampo desde Colombia y Ezequiel Borra desde Argentina. Como espacio sonoro de experiencia trascendental, este exploratorio entre colegas y abierto al p\u00fablico y a las ciberaudiencias. Propone en su primera fase, an\u00e1lisis y reflexi\u00f3n sobre la composici\u00f3n de canciones, a [&hellip;]<\/p>\n","protected":false},"author":1,"featured_media":12289,"comment_status":"closed","ping_status":"closed","sticky":false,"template":"","format":"standard","meta":{"footnotes":""},"categories":[53],"tags":[],"class_list":["post-12288","post","type-post","status-publish","format-standard","has-post-thumbnail","hentry","category-noticias-generales"],"lang":"es","translations":{"es":12288,"pt":12291},"pll_sync_post":[],"post_mailing_queue_ids":[],"_links":{"self":[{"href":"http:\/\/staging.ibermusicas.org\/index.php\/wp-json\/wp\/v2\/posts\/12288","targetHints":{"allow":["GET"]}}],"collection":[{"href":"http:\/\/staging.ibermusicas.org\/index.php\/wp-json\/wp\/v2\/posts"}],"about":[{"href":"http:\/\/staging.ibermusicas.org\/index.php\/wp-json\/wp\/v2\/types\/post"}],"author":[{"embeddable":true,"href":"http:\/\/staging.ibermusicas.org\/index.php\/wp-json\/wp\/v2\/users\/1"}],"replies":[{"embeddable":true,"href":"http:\/\/staging.ibermusicas.org\/index.php\/wp-json\/wp\/v2\/comments?post=12288"}],"version-history":[{"count":1,"href":"http:\/\/staging.ibermusicas.org\/index.php\/wp-json\/wp\/v2\/posts\/12288\/revisions"}],"predecessor-version":[{"id":12290,"href":"http:\/\/staging.ibermusicas.org\/index.php\/wp-json\/wp\/v2\/posts\/12288\/revisions\/12290"}],"wp:featuredmedia":[{"embeddable":true,"href":"http:\/\/staging.ibermusicas.org\/index.php\/wp-json\/wp\/v2\/media\/12289"}],"wp:attachment":[{"href":"http:\/\/staging.ibermusicas.org\/index.php\/wp-json\/wp\/v2\/media?parent=12288"}],"wp:term":[{"taxonomy":"category","embeddable":true,"href":"http:\/\/staging.ibermusicas.org\/index.php\/wp-json\/wp\/v2\/categories?post=12288"},{"taxonomy":"post_tag","embeddable":true,"href":"http:\/\/staging.ibermusicas.org\/index.php\/wp-json\/wp\/v2\/tags?post=12288"}],"curies":[{"name":"wp","href":"https:\/\/api.w.org\/{rel}","templated":true}]}}