{"id":12291,"date":"2022-06-14T19:34:34","date_gmt":"2022-06-14T19:34:34","guid":{"rendered":"http:\/\/staging.ibermusicas.org\/?p=12291"},"modified":"2022-06-30T18:50:24","modified_gmt":"2022-06-30T18:50:24","slug":"teto-ocampo-da-colombia-e-ezequiel-borra-da-argentina-levam-adiante-seu-projeto-criativo-enos-este-norte-oeste-sur","status":"publish","type":"post","link":"http:\/\/staging.ibermusicas.org\/index.php\/teto-ocampo-da-colombia-e-ezequiel-borra-da-argentina-levam-adiante-seu-projeto-criativo-enos-este-norte-oeste-sur\/","title":{"rendered":"Teto Ocampo da Col\u00f4mbia e Ezequiel Borra da Argentina levam adiante seu projeto criativo ENOS (Este Norte Oeste Sur)"},"content":{"rendered":"<p>ENOS (Este Norte Oeste Sur) \u00e9 um explorat\u00f3rio para a composi\u00e7\u00e3o de can\u00e7\u00f5es com Teto Ocampo da Col\u00f4mbia e Ezequiel Borra da Argentina. Como espa\u00e7o sonoro de experi\u00eancia transcendental, este explorat\u00f3rio entre colegas e aberto ao p\u00fablico e \u00e0s ciberaudi\u00eancias. Prop\u00f5e na sua primeira fase, an\u00e1lise e reflex\u00e3o sobre a composi\u00e7\u00e3o de can\u00e7\u00f5es, a partir das t\u00e9cnicas e conhecimentos desenvolvidos por estes dois m\u00fasicos, numa s\u00e9rie de 4 sess\u00f5es virtuais.<\/p>\n<p>&nbsp;<\/p>\n<p>Desde que se conheceram, Teto Ocampo e Ezequiel Borra mant\u00eam uma grande conversa musical, que com o passar dos anos aprofundou em um c\u00edrculo de forte amizade e aprendizagem nutrido de constante e exuberante poder criativo, que \u00e9 significativamente refor\u00e7ada quando eles t\u00eam a oportunidade de se reunir e compor.<\/p>\n<p>&nbsp;<\/p>\n<p>Teto Ocampo faz este convite especial a Ezequiel Borra, compositor, cantor, escritor, multi instrumentista e produtor nascido na Argentina. Dois meses de estadia na Col\u00f4mbia, em um percurso por 8 lugares da geografia nacional, para compartilhar juntos palestras e concertos. \u00c9 uma turn\u00ea de 11 concertos que ser\u00e1 documentada e gravada em \u00e1udio e v\u00eddeo, para posterior edi\u00e7\u00e3o e lan\u00e7amento de uma segunda mini-s\u00e9rie web ENOS.<\/p>\n<p>&nbsp;<\/p>\n<ol>\n<li>E N O S Primeira Sess\u00e3o. Contraponto Psicod\u00e9lico<\/li>\n<\/ol>\n<p><a href=\"https:\/\/www.youtube.com\/watch?v=W6mPENm9Psw&amp;t=5243s\">https:\/\/www.youtube.com\/watch?v=W6mPENm9Psw&amp;t=5243s<\/a><\/p>\n<p>&nbsp;<\/p>\n<ol start=\"2\">\n<li>E N O S Segunda Sess\u00e3o. Palavra Versificada<\/li>\n<\/ol>\n<p><a href=\"https:\/\/www.youtube.com\/watch?v=hyKMy7ld2q8&amp;t=66s\">https:\/\/www.youtube.com\/watch?v=hyKMy7ld2q8&amp;t=66s<\/a><\/p>\n<p>&nbsp;<\/p>\n<ol start=\"3\">\n<li>E N O S Terceira Sess\u00e3o. Sikureo Polimodal<\/li>\n<\/ol>\n<p><a href=\"https:\/\/www.youtube.com\/watch?v=p17y8Zsf0_A&amp;t=\">https:\/\/www.youtube.com\/watch?v=p17y8Zsf0_A&amp;t=<\/a><\/p>\n<p>&nbsp;<\/p>\n<ol start=\"4\">\n<li>E N O S Quarta Sess\u00e3o. O Que Subjaz<\/li>\n<\/ol>\n<p><a href=\"https:\/\/www.youtube.com\/watch?v=yT61c6aDscI&amp;t=1242s7727s\">https:\/\/www.youtube.com\/watch?v=yT61c6aDscI&amp;t=1242s7727s<\/a><\/p>\n","protected":false},"excerpt":{"rendered":"<p>ENOS (Este Norte Oeste Sur) \u00e9 um explorat\u00f3rio para a composi\u00e7\u00e3o de can\u00e7\u00f5es com Teto Ocampo da Col\u00f4mbia e Ezequiel Borra da Argentina. Como espa\u00e7o sonoro de experi\u00eancia transcendental, este explorat\u00f3rio entre colegas e aberto ao p\u00fablico e \u00e0s ciberaudi\u00eancias. Prop\u00f5e na sua primeira fase, an\u00e1lise e reflex\u00e3o sobre a composi\u00e7\u00e3o de can\u00e7\u00f5es, a partir [&hellip;]<\/p>\n","protected":false},"author":1,"featured_media":12289,"comment_status":"closed","ping_status":"closed","sticky":false,"template":"","format":"standard","meta":{"footnotes":""},"categories":[218],"tags":[],"class_list":["post-12291","post","type-post","status-publish","format-standard","has-post-thumbnail","hentry","category-noticias-generales-pt"],"lang":"pt","translations":{"pt":12291,"es":12288},"pll_sync_post":[],"post_mailing_queue_ids":[],"_links":{"self":[{"href":"http:\/\/staging.ibermusicas.org\/index.php\/wp-json\/wp\/v2\/posts\/12291","targetHints":{"allow":["GET"]}}],"collection":[{"href":"http:\/\/staging.ibermusicas.org\/index.php\/wp-json\/wp\/v2\/posts"}],"about":[{"href":"http:\/\/staging.ibermusicas.org\/index.php\/wp-json\/wp\/v2\/types\/post"}],"author":[{"embeddable":true,"href":"http:\/\/staging.ibermusicas.org\/index.php\/wp-json\/wp\/v2\/users\/1"}],"replies":[{"embeddable":true,"href":"http:\/\/staging.ibermusicas.org\/index.php\/wp-json\/wp\/v2\/comments?post=12291"}],"version-history":[{"count":1,"href":"http:\/\/staging.ibermusicas.org\/index.php\/wp-json\/wp\/v2\/posts\/12291\/revisions"}],"predecessor-version":[{"id":12292,"href":"http:\/\/staging.ibermusicas.org\/index.php\/wp-json\/wp\/v2\/posts\/12291\/revisions\/12292"}],"wp:featuredmedia":[{"embeddable":true,"href":"http:\/\/staging.ibermusicas.org\/index.php\/wp-json\/wp\/v2\/media\/12289"}],"wp:attachment":[{"href":"http:\/\/staging.ibermusicas.org\/index.php\/wp-json\/wp\/v2\/media?parent=12291"}],"wp:term":[{"taxonomy":"category","embeddable":true,"href":"http:\/\/staging.ibermusicas.org\/index.php\/wp-json\/wp\/v2\/categories?post=12291"},{"taxonomy":"post_tag","embeddable":true,"href":"http:\/\/staging.ibermusicas.org\/index.php\/wp-json\/wp\/v2\/tags?post=12291"}],"curies":[{"name":"wp","href":"https:\/\/api.w.org\/{rel}","templated":true}]}}