{"id":12293,"date":"2022-06-14T19:35:58","date_gmt":"2022-06-14T19:35:58","guid":{"rendered":"http:\/\/staging.ibermusicas.org\/?p=12293"},"modified":"2022-06-14T19:35:58","modified_gmt":"2022-06-14T19:35:58","slug":"asociacion-latinoamericana-del-arpa-presenta-el-concierto-de-arpa-mexicana-y-paraguaya-de-celso-duarte","status":"publish","type":"post","link":"http:\/\/staging.ibermusicas.org\/index.php\/asociacion-latinoamericana-del-arpa-presenta-el-concierto-de-arpa-mexicana-y-paraguaya-de-celso-duarte\/","title":{"rendered":"Asociaci\u00f3n Latinoamericana del Arpa presenta el concierto de arpa mexicana y paraguaya de Celso Duarte"},"content":{"rendered":"<p>Con obras de los compositores Santiago Cortesi, F\u00e9lix P\u00e9rez Cardozo y Enrique Samaniego y m\u00fasicas tradicionales de Paraguay y de M\u00e9xico, el arpista Celso Duarte realizar\u00e1 su concierto on line para la Asociaci\u00f3n Latinoamericana del Arpa como parte del proyecto \u201cEducaci\u00f3n Integral para el Arpista en Latinoam\u00e9rica\u201d.<\/p>\n<p>&nbsp;<\/p>\n<p>Celso Duarte naci\u00f3 en Villarrica (Paraguay) y reside en M\u00e9xico. Es ejecutante de arpa paraguaya, arpa jarocha mexicana, viol\u00edn, jarana y charango y cantante. Ha trabajado con Lila Downs y artistas como Pl\u00e1cido Domingo, Mariza, Julieta Venegas y Susana Baca. Junto a su banda \u00abEl Cuarteto de Celso Duarte\u00bb se ha presentado en los principales escenarios de Estados Unidos.<\/p>\n<p>&nbsp;<\/p>\n<p>Jueves 30 de junio, 18:00 hs ( M\u00e9xico\/Colombia), 19:00 hs (Chile), 20:00 hs (Argentina\/Brasil) en: https:\/\/www.youtube.com\/channel\/UChVprZeWL2J6tcuaRTOqAGQ\/featured<\/p>\n","protected":false},"excerpt":{"rendered":"<p>Con obras de los compositores Santiago Cortesi, F\u00e9lix P\u00e9rez Cardozo y Enrique Samaniego y m\u00fasicas tradicionales de Paraguay y de M\u00e9xico, el arpista Celso Duarte realizar\u00e1 su concierto on line para la Asociaci\u00f3n Latinoamericana del Arpa como parte del proyecto \u201cEducaci\u00f3n Integral para el Arpista en Latinoam\u00e9rica\u201d. &nbsp; Celso Duarte naci\u00f3 en Villarrica (Paraguay) y [&hellip;]<\/p>\n","protected":false},"author":1,"featured_media":12294,"comment_status":"closed","ping_status":"closed","sticky":false,"template":"","format":"standard","meta":{"footnotes":""},"categories":[53],"tags":[],"class_list":["post-12293","post","type-post","status-publish","format-standard","has-post-thumbnail","hentry","category-noticias-generales"],"lang":"es","translations":{"es":12293,"pt":12296},"pll_sync_post":[],"post_mailing_queue_ids":[],"_links":{"self":[{"href":"http:\/\/staging.ibermusicas.org\/index.php\/wp-json\/wp\/v2\/posts\/12293","targetHints":{"allow":["GET"]}}],"collection":[{"href":"http:\/\/staging.ibermusicas.org\/index.php\/wp-json\/wp\/v2\/posts"}],"about":[{"href":"http:\/\/staging.ibermusicas.org\/index.php\/wp-json\/wp\/v2\/types\/post"}],"author":[{"embeddable":true,"href":"http:\/\/staging.ibermusicas.org\/index.php\/wp-json\/wp\/v2\/users\/1"}],"replies":[{"embeddable":true,"href":"http:\/\/staging.ibermusicas.org\/index.php\/wp-json\/wp\/v2\/comments?post=12293"}],"version-history":[{"count":1,"href":"http:\/\/staging.ibermusicas.org\/index.php\/wp-json\/wp\/v2\/posts\/12293\/revisions"}],"predecessor-version":[{"id":12295,"href":"http:\/\/staging.ibermusicas.org\/index.php\/wp-json\/wp\/v2\/posts\/12293\/revisions\/12295"}],"wp:featuredmedia":[{"embeddable":true,"href":"http:\/\/staging.ibermusicas.org\/index.php\/wp-json\/wp\/v2\/media\/12294"}],"wp:attachment":[{"href":"http:\/\/staging.ibermusicas.org\/index.php\/wp-json\/wp\/v2\/media?parent=12293"}],"wp:term":[{"taxonomy":"category","embeddable":true,"href":"http:\/\/staging.ibermusicas.org\/index.php\/wp-json\/wp\/v2\/categories?post=12293"},{"taxonomy":"post_tag","embeddable":true,"href":"http:\/\/staging.ibermusicas.org\/index.php\/wp-json\/wp\/v2\/tags?post=12293"}],"curies":[{"name":"wp","href":"https:\/\/api.w.org\/{rel}","templated":true}]}}