{"id":12296,"date":"2022-06-14T19:37:44","date_gmt":"2022-06-14T19:37:44","guid":{"rendered":"http:\/\/staging.ibermusicas.org\/?p=12296"},"modified":"2022-06-14T19:37:44","modified_gmt":"2022-06-14T19:37:44","slug":"associacao-latino-americana-da-harpa-apresenta-o-concerto-de-harpa-mexicana-e-paraguaia-de-celso-duarte","status":"publish","type":"post","link":"http:\/\/staging.ibermusicas.org\/index.php\/associacao-latino-americana-da-harpa-apresenta-o-concerto-de-harpa-mexicana-e-paraguaia-de-celso-duarte\/","title":{"rendered":"Associa\u00e7\u00e3o Latino-americana da Harpa apresenta o concerto de harpa mexicana e paraguaia de Celso Duarte"},"content":{"rendered":"<p>Com obras dos compositores Santiago Cortesi, F\u00e9lix P\u00e9rez Cardozo e Enrique Samaniego e m\u00fasicas tradicionais do Paraguai e do M\u00e9xico, o harpista Celso Duarte vai realizar o seu concerto on-line para a Associa\u00e7\u00e3o Latino-Americana da Harpa como parte do projeto \u00abEduca\u00e7\u00e3o Integral para o Harpista na Am\u00e9rica Latina\u00bb.<\/p>\n<p>&nbsp;<\/p>\n<p>Celso Duarte nasceu em Villarrica (Paraguai) e reside no M\u00e9xico. \u00c9 executante de harpa paraguaia, harpa jarocha mexicana, viol\u00edn, jarana e charango e cantor. Trabalhou com Lila Downs e artistas como Pl\u00e1cido Domingo, Mariza, Julieta Venegas e Susana Baca. Junto com sua banda \u00abEl Cuarteto de Celso Duarte\u00bbse apresentou nos principais cen\u00e1rios dos Estados Unidos.<\/p>\n<p>&nbsp;<\/p>\n<p>Quinta-feira 30 de junho, 18:00 hs ( M\u00e9xico\/Col\u00f4mbia), 19:00 hs (Chile), 20:00 hs (Argentina\/Brasil) em: https:\/\/www.youtube.com\/channel\/UChVprZeWL2J6tcuaRTOqAG\/featured<\/p>\n","protected":false},"excerpt":{"rendered":"<p>Com obras dos compositores Santiago Cortesi, F\u00e9lix P\u00e9rez Cardozo e Enrique Samaniego e m\u00fasicas tradicionais do Paraguai e do M\u00e9xico, o harpista Celso Duarte vai realizar o seu concerto on-line para a Associa\u00e7\u00e3o Latino-Americana da Harpa como parte do projeto \u00abEduca\u00e7\u00e3o Integral para o Harpista na Am\u00e9rica Latina\u00bb. &nbsp; Celso Duarte nasceu em Villarrica (Paraguai) [&hellip;]<\/p>\n","protected":false},"author":1,"featured_media":12294,"comment_status":"closed","ping_status":"closed","sticky":false,"template":"","format":"standard","meta":{"footnotes":""},"categories":[218],"tags":[],"class_list":["post-12296","post","type-post","status-publish","format-standard","has-post-thumbnail","hentry","category-noticias-generales-pt"],"lang":"pt","translations":{"pt":12296,"es":12293},"pll_sync_post":[],"post_mailing_queue_ids":[],"_links":{"self":[{"href":"http:\/\/staging.ibermusicas.org\/index.php\/wp-json\/wp\/v2\/posts\/12296","targetHints":{"allow":["GET"]}}],"collection":[{"href":"http:\/\/staging.ibermusicas.org\/index.php\/wp-json\/wp\/v2\/posts"}],"about":[{"href":"http:\/\/staging.ibermusicas.org\/index.php\/wp-json\/wp\/v2\/types\/post"}],"author":[{"embeddable":true,"href":"http:\/\/staging.ibermusicas.org\/index.php\/wp-json\/wp\/v2\/users\/1"}],"replies":[{"embeddable":true,"href":"http:\/\/staging.ibermusicas.org\/index.php\/wp-json\/wp\/v2\/comments?post=12296"}],"version-history":[{"count":1,"href":"http:\/\/staging.ibermusicas.org\/index.php\/wp-json\/wp\/v2\/posts\/12296\/revisions"}],"predecessor-version":[{"id":12297,"href":"http:\/\/staging.ibermusicas.org\/index.php\/wp-json\/wp\/v2\/posts\/12296\/revisions\/12297"}],"wp:featuredmedia":[{"embeddable":true,"href":"http:\/\/staging.ibermusicas.org\/index.php\/wp-json\/wp\/v2\/media\/12294"}],"wp:attachment":[{"href":"http:\/\/staging.ibermusicas.org\/index.php\/wp-json\/wp\/v2\/media?parent=12296"}],"wp:term":[{"taxonomy":"category","embeddable":true,"href":"http:\/\/staging.ibermusicas.org\/index.php\/wp-json\/wp\/v2\/categories?post=12296"},{"taxonomy":"post_tag","embeddable":true,"href":"http:\/\/staging.ibermusicas.org\/index.php\/wp-json\/wp\/v2\/tags?post=12296"}],"curies":[{"name":"wp","href":"https:\/\/api.w.org\/{rel}","templated":true}]}}