{"id":12308,"date":"2022-09-14T11:56:03","date_gmt":"2022-09-14T11:56:03","guid":{"rendered":"http:\/\/staging.ibermusicas.org\/?p=12308"},"modified":"2022-10-03T02:24:23","modified_gmt":"2022-10-03T02:24:23","slug":"anunciamos-la-apertura-del-periodo-de-postulacion-a-nuestras-convocatorias-2022","status":"publish","type":"post","link":"http:\/\/staging.ibermusicas.org\/index.php\/anunciamos-la-apertura-del-periodo-de-postulacion-a-nuestras-convocatorias-2022\/","title":{"rendered":"Restan dos semanas para el cierre de las convocatorias 2022"},"content":{"rendered":"<p>Septiembre es el \u00faltimo mes en el cual estar\u00e1n abiertas las convocatorias 2022 de nuestro programa para actividades a ser realizadas en 2023. El 1ero de octubre es el d\u00eda de cierre y el 9 de diciembre ser\u00e1n anunciados los proyectos ganadores.<\/p>\n<p>Invitamos a todas y todos los integrantes del sector musical iberoamericano a presentar sus postulaciones a nuestras l\u00edneas de ayuda y a nuestros concursos.<\/p>\n<p>Se encuentran disponibles nueve l\u00edneas de convocatorias diferentes que brindan valiosas herramientas para colaborar en la concreci\u00f3n de muchos proyectos.<\/p>\n<p>Iberm\u00fasicas sigue creciendo y aportando al fortalecimiento, crecimiento y consolidaci\u00f3n de una red de cooperaci\u00f3n iberoamericana en constante expansi\u00f3n.<\/p>\n<p>Invitamos a todas y todos los integrantes del Sector Musical a ser parte de nuestra comunidad en\u00a0<a href=\"http:\/\/staging.ibermusicas.org\/\" target=\"_blank\" rel=\"noopener\">staging.ibermusicas.org<\/a>.<\/p>\n<p>Todos los a\u00f1os Iberm\u00fasicas abre las puertas de sus convocatorias con el \u00e1nimo de asistir a la realizaci\u00f3n de proyectos, ideas y sue\u00f1os. El mundo siempre es mejor con m\u00fasica.<\/p>\n<p>Iberm\u00fasicas, el instrumento que nos une.<\/p>\n","protected":false},"excerpt":{"rendered":"<p>Septiembre es el \u00faltimo mes en el cual estar\u00e1n abiertas las convocatorias 2022 de nuestro programa para actividades a ser realizadas en 2023. El 1ero de octubre es el d\u00eda de cierre y el 9 de diciembre ser\u00e1n anunciados los proyectos ganadores. Invitamos a todas y todos los integrantes del sector musical iberoamericano a presentar [&hellip;]<\/p>\n","protected":false},"author":1,"featured_media":12046,"comment_status":"closed","ping_status":"closed","sticky":false,"template":"","format":"standard","meta":{"footnotes":""},"categories":[53],"tags":[],"class_list":["post-12308","post","type-post","status-publish","format-standard","has-post-thumbnail","hentry","category-noticias-generales"],"lang":"es","translations":{"es":12308,"pt":12312},"pll_sync_post":[],"post_mailing_queue_ids":[],"_links":{"self":[{"href":"http:\/\/staging.ibermusicas.org\/index.php\/wp-json\/wp\/v2\/posts\/12308","targetHints":{"allow":["GET"]}}],"collection":[{"href":"http:\/\/staging.ibermusicas.org\/index.php\/wp-json\/wp\/v2\/posts"}],"about":[{"href":"http:\/\/staging.ibermusicas.org\/index.php\/wp-json\/wp\/v2\/types\/post"}],"author":[{"embeddable":true,"href":"http:\/\/staging.ibermusicas.org\/index.php\/wp-json\/wp\/v2\/users\/1"}],"replies":[{"embeddable":true,"href":"http:\/\/staging.ibermusicas.org\/index.php\/wp-json\/wp\/v2\/comments?post=12308"}],"version-history":[{"count":4,"href":"http:\/\/staging.ibermusicas.org\/index.php\/wp-json\/wp\/v2\/posts\/12308\/revisions"}],"predecessor-version":[{"id":13310,"href":"http:\/\/staging.ibermusicas.org\/index.php\/wp-json\/wp\/v2\/posts\/12308\/revisions\/13310"}],"wp:featuredmedia":[{"embeddable":true,"href":"http:\/\/staging.ibermusicas.org\/index.php\/wp-json\/wp\/v2\/media\/12046"}],"wp:attachment":[{"href":"http:\/\/staging.ibermusicas.org\/index.php\/wp-json\/wp\/v2\/media?parent=12308"}],"wp:term":[{"taxonomy":"category","embeddable":true,"href":"http:\/\/staging.ibermusicas.org\/index.php\/wp-json\/wp\/v2\/categories?post=12308"},{"taxonomy":"post_tag","embeddable":true,"href":"http:\/\/staging.ibermusicas.org\/index.php\/wp-json\/wp\/v2\/tags?post=12308"}],"curies":[{"name":"wp","href":"https:\/\/api.w.org\/{rel}","templated":true}]}}