{"id":12312,"date":"2022-09-14T11:00:48","date_gmt":"2022-09-14T11:00:48","guid":{"rendered":"http:\/\/staging.ibermusicas.org\/?p=12312"},"modified":"2022-10-03T02:30:44","modified_gmt":"2022-10-03T02:30:44","slug":"anunciamos-a-abertura-do-periodo-de-candidaturas-para-os-nossos-concursos-de-2022","status":"publish","type":"post","link":"http:\/\/staging.ibermusicas.org\/index.php\/anunciamos-a-abertura-do-periodo-de-candidaturas-para-os-nossos-concursos-de-2022\/","title":{"rendered":"Faltam quinze dias para a data de encerramento dos convites \u00e0 presenta\u00e7\u00e3o de propostas 2022"},"content":{"rendered":"<p>Setembro \u00e9 o \u00faltimo m\u00eas em que estar\u00e3o abertas as chamadas de nosso programa para atividades a serem realizadas em 2022. A data de encerramento \u00e9 1\u00ba de outubro e os projetos vencedores ser\u00e3o anunciados no dia 9 de dezembro.<\/p>\n<p>Convidamos todos os membros do setor musical ibero-americano a se candidatarem \u00e0s nossas linhas de apoio e concursos.<\/p>\n<p>H\u00e1 nove diferentes convites \u00e0 apresenta\u00e7\u00e3o de propostas dispon\u00edveis que fornecem ferramentas valiosas para colaborar na realiza\u00e7\u00e3o de muitos projetos.<\/p>\n<p>O Programa Iberm\u00fasicas continua a crescer e a contribuir para o fortalecimento, crescimento e consolida\u00e7\u00e3o de uma rede de coopera\u00e7\u00e3o ibero-americana em constante expans\u00e3o.<\/p>\n<p>Convidamos a todas e todos os integrantes do Setor Musical a fazer parte de nossa comunidade em\u00a0<a href=\"http:\/\/staging.ibermusicas.org\/index.php\/pt\/\" target=\"_blank\" rel=\"noopener\">staging.ibermusicas.org<\/a><\/p>\n<p>Todos os anos a Iberm\u00fasicas abre as portas de suas convocat\u00f3rias com o \u00e2nimo de assistir \u00e0 realiza\u00e7\u00e3o de projetos, ideias e sonhos. O mundo \u00e9 sempre melhor com m\u00fasica.<\/p>\n<p>Iberm\u00fasicas, o instrumento que nos une.<\/p>\n","protected":false},"excerpt":{"rendered":"<p>Setembro \u00e9 o \u00faltimo m\u00eas em que estar\u00e3o abertas as chamadas de nosso programa para atividades a serem realizadas em 2022. A data de encerramento \u00e9 1\u00ba de outubro e os projetos vencedores ser\u00e3o anunciados no dia 9 de dezembro. Convidamos todos os membros do setor musical ibero-americano a se candidatarem \u00e0s nossas linhas de [&hellip;]<\/p>\n","protected":false},"author":1,"featured_media":12046,"comment_status":"closed","ping_status":"closed","sticky":false,"template":"","format":"standard","meta":{"footnotes":""},"categories":[218],"tags":[],"class_list":["post-12312","post","type-post","status-publish","format-standard","has-post-thumbnail","hentry","category-noticias-generales-pt"],"lang":"pt","translations":{"pt":12312,"es":12308},"pll_sync_post":[],"post_mailing_queue_ids":[],"_links":{"self":[{"href":"http:\/\/staging.ibermusicas.org\/index.php\/wp-json\/wp\/v2\/posts\/12312","targetHints":{"allow":["GET"]}}],"collection":[{"href":"http:\/\/staging.ibermusicas.org\/index.php\/wp-json\/wp\/v2\/posts"}],"about":[{"href":"http:\/\/staging.ibermusicas.org\/index.php\/wp-json\/wp\/v2\/types\/post"}],"author":[{"embeddable":true,"href":"http:\/\/staging.ibermusicas.org\/index.php\/wp-json\/wp\/v2\/users\/1"}],"replies":[{"embeddable":true,"href":"http:\/\/staging.ibermusicas.org\/index.php\/wp-json\/wp\/v2\/comments?post=12312"}],"version-history":[{"count":3,"href":"http:\/\/staging.ibermusicas.org\/index.php\/wp-json\/wp\/v2\/posts\/12312\/revisions"}],"predecessor-version":[{"id":13311,"href":"http:\/\/staging.ibermusicas.org\/index.php\/wp-json\/wp\/v2\/posts\/12312\/revisions\/13311"}],"wp:featuredmedia":[{"embeddable":true,"href":"http:\/\/staging.ibermusicas.org\/index.php\/wp-json\/wp\/v2\/media\/12046"}],"wp:attachment":[{"href":"http:\/\/staging.ibermusicas.org\/index.php\/wp-json\/wp\/v2\/media?parent=12312"}],"wp:term":[{"taxonomy":"category","embeddable":true,"href":"http:\/\/staging.ibermusicas.org\/index.php\/wp-json\/wp\/v2\/categories?post=12312"},{"taxonomy":"post_tag","embeddable":true,"href":"http:\/\/staging.ibermusicas.org\/index.php\/wp-json\/wp\/v2\/tags?post=12312"}],"curies":[{"name":"wp","href":"https:\/\/api.w.org\/{rel}","templated":true}]}}