{"id":12358,"date":"2022-06-30T18:55:30","date_gmt":"2022-06-30T18:55:30","guid":{"rendered":"http:\/\/staging.ibermusicas.org\/?p=12358"},"modified":"2022-06-30T18:55:30","modified_gmt":"2022-06-30T18:55:30","slug":"la-cantante-brasilena-julia-vargas-realizara-conciertos-en-portugal-en-la-ciudad-de-lisboa","status":"publish","type":"post","link":"http:\/\/staging.ibermusicas.org\/index.php\/la-cantante-brasilena-julia-vargas-realizara-conciertos-en-portugal-en-la-ciudad-de-lisboa\/","title":{"rendered":"La cantante brasile\u00f1a Julia Vargas realizar\u00e1 conciertos en Portugal en la ciudad de Lisboa"},"content":{"rendered":"<p>J\u00falia Vargas es una cantante, percusionista y bailarina de Cabo Frio, Brasil. Fue apadrinada por figuras como Milton Nascimento, Ivan Lins y Ney Matogrosso. Elogiada por su voz c\u00e1lida y poderosa, propone un espect\u00e1culo marcado por la reconexi\u00f3n entre lo popular y la poes\u00eda, la simplicidad y lo regional mezclado con un estilo urbano, en el cual varias dramaturgias interact\u00faan.<\/p>\n<p>&nbsp;<\/p>\n<p>Inici\u00f3 su vida art\u00edstica, cuando era ni\u00f1a, en la danza. Trabaj\u00f3 en el Teatro Municipal de R\u00edo de Janeiro y en el Centro de Movimiento Deborah Colker. A los 18 a\u00f1os ingres\u00f3 en la compa\u00f1\u00eda \u00abMulungo\u00bb de Oswaldo Montenegro, donde actu\u00f3 por un a\u00f1o. En esta misma \u00e9poca, comenz\u00f3 a aventurarse por los escenarios soltando la voz y desde entonces nunca m\u00e1s dej\u00f3 de cantar.<\/p>\n<p>&nbsp;<\/p>\n<p>Julia ya es considerada como una de las grandes cantantes de Brasil y viene emocionando a nombres como Milton Nascimento, con quien hizo gira y abri\u00f3 shows, Z\u00e9lia Duncan que la invit\u00f3 a cantar en el lanzamiento de su disco \u00abTodo es uno\u00bb en el Circo Volador, Geraldo Azevedo que la llam\u00f3 Julia Vargas Artista participando en uno de sus espect\u00e1culos tambi\u00e9n en el Circo Volador, Ivan Lins quien le proporcion\u00f3 una canci\u00f3n in\u00e9dita que fue grabada en su primer disco, Alceu Valen\u00e7a que la invit\u00f3 a abrir algunos de sus conciertos en Funcaci\u00f3n Progreso, Ney Matogrosso y Pedro Lu\u00eds que grabaron en su disco \u00abPop Banana\u00bb, present\u00f3 un show al lado de Jo\u00e3o Donato, Wagner Tiso, Moraes Moreira, Zeca Baleiro entre otros.<\/p>\n<p>&nbsp;<\/p>\n<p>En 2014 fue invitada a integrar el proyecto \u00abMar Azul\u00bb, en homenaje al Club de la Esquina y sali\u00f3 de gira con el show \u00abTravessia\u00bb, de Milton Nascimento, por el interior de Minas Gerais, y con el show \u00abL\u00ednea de Frente\u00bb, acompa\u00f1ando Milton Nascimento y Criolo.<\/p>\n<p>&nbsp;<\/p>\n<p>En 2015 particip\u00f3 del tributo a C\u00e1ssia Eller en el Rock in Rio y llam\u00f3 la atenci\u00f3n por la colaboraci\u00f3n con el hijo de la cantante, Chico Chico, cantante y compositor carioca con quien hizo diversos shows por Brasil. De esa asociaci\u00f3n naci\u00f3 el sello Porangaret\u00e9, creado al lado de Chico Chico, Rodrigo Garcia y Maria Eug\u00eania. Tambi\u00e9n a finales de este mismo a\u00f1o, lanz\u00f3 el cd y dvd \u00abJ\u00falia Vargas &amp; Los Barnab\u00e9s en vivo en Niter\u00f3i\u00bb producido por Rodrigo Garcia en el Teatro Municipal de Niter\u00f3i.<\/p>\n<p>En 2016 se dedic\u00f3 a la grabaci\u00f3n de su tercer \u00e1lbum (segundo \u00e1lbum de estudio), titulado \u00abPop Banana\u00bb, fruto de una colaboraci\u00f3n entre la cantante, el sello Porangaret\u00e9 y la discogr\u00e1fica Biscoito Fino. Julia firma la producci\u00f3n y direcci\u00f3n musical del \u00e1lbum lanzado en 2017 en formato f\u00edsico (cd) y digital.<\/p>\n<p>En 2019 Julia lanza \u00abIara Ira\u00bb al lado de las cantantes Duda Brack y Juliana Linhares. El \u00e1lbum fue lanzado en colaboraci\u00f3n con o\u00ed Futuro, Joya Moderna y Arena Producciones. El disco tiene direcci\u00f3n musical de Thiago Amud. Y ahora llega el disco m\u00e1s nuevo de Julia: \u00abD&#8217;Agua\u00bb, donde tambi\u00e9n firma la direcci\u00f3n y producci\u00f3n musical junto a Guilherme Marques y el Estudio Frigideira.<\/p>\n<p>&nbsp;<\/p>\n<p>Viernes 1 de julio, Base Organizada da Toca Das Artes, Largo de Santa B\u00e1rbara Nro 3-D Anjos, Lisboa, Portugal<\/p>\n<p>&nbsp;<\/p>\n<p>Viernes 8 de julio, Samambaia, Rua Voz do Operario 13, Lisboa, Portugal<\/p>\n","protected":false},"excerpt":{"rendered":"<p>J\u00falia Vargas es una cantante, percusionista y bailarina de Cabo Frio, Brasil. Fue apadrinada por figuras como Milton Nascimento, Ivan Lins y Ney Matogrosso. Elogiada por su voz c\u00e1lida y poderosa, propone un espect\u00e1culo marcado por la reconexi\u00f3n entre lo popular y la poes\u00eda, la simplicidad y lo regional mezclado con un estilo urbano, en [&hellip;]<\/p>\n","protected":false},"author":1,"featured_media":12359,"comment_status":"closed","ping_status":"closed","sticky":false,"template":"","format":"standard","meta":{"footnotes":""},"categories":[53],"tags":[],"class_list":["post-12358","post","type-post","status-publish","format-standard","has-post-thumbnail","hentry","category-noticias-generales"],"lang":"es","translations":{"es":12358,"pt":12361},"pll_sync_post":[],"post_mailing_queue_ids":[],"_links":{"self":[{"href":"http:\/\/staging.ibermusicas.org\/index.php\/wp-json\/wp\/v2\/posts\/12358","targetHints":{"allow":["GET"]}}],"collection":[{"href":"http:\/\/staging.ibermusicas.org\/index.php\/wp-json\/wp\/v2\/posts"}],"about":[{"href":"http:\/\/staging.ibermusicas.org\/index.php\/wp-json\/wp\/v2\/types\/post"}],"author":[{"embeddable":true,"href":"http:\/\/staging.ibermusicas.org\/index.php\/wp-json\/wp\/v2\/users\/1"}],"replies":[{"embeddable":true,"href":"http:\/\/staging.ibermusicas.org\/index.php\/wp-json\/wp\/v2\/comments?post=12358"}],"version-history":[{"count":1,"href":"http:\/\/staging.ibermusicas.org\/index.php\/wp-json\/wp\/v2\/posts\/12358\/revisions"}],"predecessor-version":[{"id":12360,"href":"http:\/\/staging.ibermusicas.org\/index.php\/wp-json\/wp\/v2\/posts\/12358\/revisions\/12360"}],"wp:featuredmedia":[{"embeddable":true,"href":"http:\/\/staging.ibermusicas.org\/index.php\/wp-json\/wp\/v2\/media\/12359"}],"wp:attachment":[{"href":"http:\/\/staging.ibermusicas.org\/index.php\/wp-json\/wp\/v2\/media?parent=12358"}],"wp:term":[{"taxonomy":"category","embeddable":true,"href":"http:\/\/staging.ibermusicas.org\/index.php\/wp-json\/wp\/v2\/categories?post=12358"},{"taxonomy":"post_tag","embeddable":true,"href":"http:\/\/staging.ibermusicas.org\/index.php\/wp-json\/wp\/v2\/tags?post=12358"}],"curies":[{"name":"wp","href":"https:\/\/api.w.org\/{rel}","templated":true}]}}