{"id":12361,"date":"2022-06-30T18:58:22","date_gmt":"2022-06-30T18:58:22","guid":{"rendered":"http:\/\/staging.ibermusicas.org\/?p=12361"},"modified":"2022-06-30T18:58:22","modified_gmt":"2022-06-30T18:58:22","slug":"la-cantante-brasilena-julia-vargas-realizara-conciertos-en-portugal-en-la-ciudad-de-lisboa-2","status":"publish","type":"post","link":"http:\/\/staging.ibermusicas.org\/index.php\/la-cantante-brasilena-julia-vargas-realizara-conciertos-en-portugal-en-la-ciudad-de-lisboa-2\/","title":{"rendered":"La cantante brasile\u00f1a Julia Vargas realizar\u00e1 conciertos en Portugal en la ciudad de Lisboa"},"content":{"rendered":"<p>J\u00falia Vargas \u00e9 uma cantora, percussionista e bailarina de Cabo Frio, Brasil. Ela foi apadrinhada por figuras como Milton Nascimento, Ivan Lins e Ney Matogrosso. Elogiada pela sua voz quente e poderosa, prop\u00f5e um espect\u00e1culo marcado pela reconex\u00e3o entre o popular e a poesia, a simplicidade e o regional mesclado com um estilo urbano, no qual v\u00e1rias dramaturgias interagem.<\/p>\n<p>&nbsp;<\/p>\n<p>Iniciou sua vida art\u00edstica, ainda crian\u00e7a, na dan\u00e7a. Trabalhou dan\u00e7ando pelo Teatro Municipal do Rio de Janeiro e pelo Centro de Movimento Deborah Colker. Aos 18 anos ingressou na companhia \u00abMulungo\u00bb de Oswaldo Montenegro, onde atuou por um ano. Nesta mesma \u00e9poca, come\u00e7ou a se aventurar pelos palcos soltando a voz, desde ent\u00e3o nunca mais parou de cantar.<\/p>\n<p>&nbsp;<\/p>\n<p>Julia j\u00e1 \u00e9 considerada das grandes cantoras do Brasil e vem emocionando nomes como Milton Nascimento, com quem fez turn\u00ea e abriu shows, Z\u00e9lia Duncan que a convidou para cantar no lan\u00e7amento de seu disco \u00abTudo \u00e9 um\u00bb no Circo Voador, Geraldo Azevedo que a chamou como Julia Vargas Artista participa\u00e7\u00e3o em um de seus shows tamb\u00e9m no Circo Voador, Ivan Lins de quem ganhou uma m\u00fasica in\u00e9dita que foi gravada em seu primeiro disco, Alceu Valen\u00e7a que a convidou para abrir alguns de seus shows na Fundi\u00e7\u00e3o Progresso, Ney Matogrosso e Pedro Lu\u00eds que gravaram em seu disco \u00abPop Banana\u00bb, apresentou um show ao lado de Jo\u00e3o Donato, Wagner Tiso, Moraes Moreira, Zeca Baleiro entre outros.<\/p>\n<p>&nbsp;<\/p>\n<p>Em 2014 foi convidada a integrar o projeto \u00abMar Azul\u00bb, em homenagem ao Clube da Esquina e saiu em turn\u00ea com o show \u00abTravessia\u00bb, de Milton Nascimento, pelo interior de Minas Gerais, e com o show \u00abLinha de Frente\u00bb, acompanhando Milton Nascimento e Criolo.<\/p>\n<p>&nbsp;<\/p>\n<p>Em 2015 participou do tributo \u00e0 C\u00e1ssia Eller no Rock in Rio e chamou a aten\u00e7\u00e3o pela parceria com o filho da cantora, Chico Chico, cantor e compositor carioca com quem fez diversos shows pelo Brasil. Dessa parceria nasceu o selo Porangaret\u00e9, criado ao lado de Chico Chico, Rodrigo Garcia e Maria Eug\u00eania. Tamb\u00e9m no final deste mesmo ano, lan\u00e7ou o cd e dvd \u00abJ\u00falia Vargas &amp; Os Barnab\u00e9s ao vivo em Niter\u00f3i\u00bb produzido por Rodrigo Garcia no Teatro Municipal de Niter\u00f3i.<\/p>\n<p>&nbsp;<\/p>\n<p>Em 2016 se dedicou a grava\u00e7\u00e3o de seu terceiro \u00e1lbum (segundo \u00e1lbum de est\u00fadio), intitulado \u00abPop Banana\u00bb, fruto de uma parceria entre a cantora, o selo Porangaret\u00e9 e a gravadora Biscoito Fino. Julia assina a produ\u00e7\u00e3o e dire\u00e7\u00e3o musical do \u00e1lbum lan\u00e7ado em 2017 em formato f\u00edsico (cd) e digital.<\/p>\n<p>&nbsp;<\/p>\n<p>Em 2019 Julia lan\u00e7a \u00abIara Ira\u00bb ao lado das cantoras Duda Brack e Juliana Linhares. O \u00e1lbum foi lan\u00e7ado em parceria com a Oi Futuro, J\u00f3ia Moderna e Areia Produ\u00e7\u00f5es. O disco tem dire\u00e7\u00e3o musical de Thiago Amud. E agora o mais novo disco de Julia: \u00abD&#8217;\u00c1gua\u00bb, onde tamb\u00e9m assina a dire\u00e7\u00e3o e produ\u00e7\u00e3o musical ao lado de Guilherme Marques e o Est\u00fadio Frigideira.<\/p>\n<p>&nbsp;<\/p>\n<p>&nbsp;<\/p>\n<p>&nbsp;<\/p>\n<p>Sexta-feira 1 de julho, Base Organizada da Toca Das Artes, Largo de Santa B\u00e1rbara Nro 3-D Anjos, Lisboa, Portugal<\/p>\n<p>&nbsp;<\/p>\n<p>Sexta-feira 8 de julho, Samambaia, Rua Voz do Operario 13, Lisboa, Portugal<\/p>\n","protected":false},"excerpt":{"rendered":"<p>J\u00falia Vargas \u00e9 uma cantora, percussionista e bailarina de Cabo Frio, Brasil. Ela foi apadrinhada por figuras como Milton Nascimento, Ivan Lins e Ney Matogrosso. Elogiada pela sua voz quente e poderosa, prop\u00f5e um espect\u00e1culo marcado pela reconex\u00e3o entre o popular e a poesia, a simplicidade e o regional mesclado com um estilo urbano, no [&hellip;]<\/p>\n","protected":false},"author":1,"featured_media":12359,"comment_status":"closed","ping_status":"closed","sticky":false,"template":"","format":"standard","meta":{"footnotes":""},"categories":[218],"tags":[],"class_list":["post-12361","post","type-post","status-publish","format-standard","has-post-thumbnail","hentry","category-noticias-generales-pt"],"lang":"pt","translations":{"pt":12361,"es":12358},"pll_sync_post":[],"post_mailing_queue_ids":[],"_links":{"self":[{"href":"http:\/\/staging.ibermusicas.org\/index.php\/wp-json\/wp\/v2\/posts\/12361","targetHints":{"allow":["GET"]}}],"collection":[{"href":"http:\/\/staging.ibermusicas.org\/index.php\/wp-json\/wp\/v2\/posts"}],"about":[{"href":"http:\/\/staging.ibermusicas.org\/index.php\/wp-json\/wp\/v2\/types\/post"}],"author":[{"embeddable":true,"href":"http:\/\/staging.ibermusicas.org\/index.php\/wp-json\/wp\/v2\/users\/1"}],"replies":[{"embeddable":true,"href":"http:\/\/staging.ibermusicas.org\/index.php\/wp-json\/wp\/v2\/comments?post=12361"}],"version-history":[{"count":1,"href":"http:\/\/staging.ibermusicas.org\/index.php\/wp-json\/wp\/v2\/posts\/12361\/revisions"}],"predecessor-version":[{"id":12362,"href":"http:\/\/staging.ibermusicas.org\/index.php\/wp-json\/wp\/v2\/posts\/12361\/revisions\/12362"}],"wp:featuredmedia":[{"embeddable":true,"href":"http:\/\/staging.ibermusicas.org\/index.php\/wp-json\/wp\/v2\/media\/12359"}],"wp:attachment":[{"href":"http:\/\/staging.ibermusicas.org\/index.php\/wp-json\/wp\/v2\/media?parent=12361"}],"wp:term":[{"taxonomy":"category","embeddable":true,"href":"http:\/\/staging.ibermusicas.org\/index.php\/wp-json\/wp\/v2\/categories?post=12361"},{"taxonomy":"post_tag","embeddable":true,"href":"http:\/\/staging.ibermusicas.org\/index.php\/wp-json\/wp\/v2\/tags?post=12361"}],"curies":[{"name":"wp","href":"https:\/\/api.w.org\/{rel}","templated":true}]}}