{"id":12371,"date":"2022-06-30T19:07:54","date_gmt":"2022-06-30T19:07:54","guid":{"rendered":"http:\/\/staging.ibermusicas.org\/?p=12371"},"modified":"2022-07-29T17:35:03","modified_gmt":"2022-07-29T17:35:03","slug":"o-cantor-e-compositor-cubano-oscar-sanchez-empreende-sua-primeira-turne-mexicana","status":"publish","type":"post","link":"http:\/\/staging.ibermusicas.org\/index.php\/o-cantor-e-compositor-cubano-oscar-sanchez-empreende-sua-primeira-turne-mexicana\/","title":{"rendered":"O cantor e compositor cubano Oscar S\u00e1nchez empreende sua primeira turn\u00ea mexicana"},"content":{"rendered":"<p>Catalogado como artista interdisciplinar, perform\u00e1tico, ir\u00f4nico, contestat\u00e1rio e incendi\u00e1rio, Oscar S\u00e1nchez torna-se figura destacada no panorama da can\u00e7\u00e3o de autor cubana. Estudou de maneira autodidata a guitarra, o tr\u00eas e a mar\u00edmbula, e incursiona em diversos g\u00eaneros da m\u00fasica cubana (son, bolero, chang\u00fc\u00ed, neng\u00e3o), n\u00e3o s\u00f3 em suas formas puras, mas tamb\u00e9m atrav\u00e9s de uma original hibrida\u00e7\u00e3o destes.<\/p>\n<p>&nbsp;<\/p>\n<p>Tanto as apresenta\u00e7\u00f5es em centros culturais do seu pa\u00eds, como uma discografia que compreende actua\u00e7\u00f5es ao vivo e tr\u00eas fonogramas produzidos de forma independente, chamaram a aten\u00e7\u00e3o de um p\u00fablico que cresce de dia para dia, de vozes da cr\u00edtica especializada, e de realizadores audiovisuais de longa data.<\/p>\n<p>&nbsp;<\/p>\n<p>Este trovador comp\u00f4s a m\u00fasica original para obras da cena teatral cubana, e integrou o grupo Havana Roots Ensemble, sob a dire\u00e7\u00e3o de Andr\u00e9s Lev\u00edn. Em 2019 foi convidado por Silvio Rodr\u00edguez a participar do concerto 104 da Turn\u00ea Intermin\u00e1vel pelos Bairros.<\/p>\n<p>&nbsp;<\/p>\n<p>Sua discografia \u00e9 composta pelos \u00e1lbuns Unknown Artist (2015), Eyes que te viram Go, Never te ver\u00e3o Come Back (2017), em parceria com Marbis Manzanet, e Crowdfunding crioulo: Oscar S\u00e1nchez ao vivo da Casa da L\u00e2mpada Verde (2020). Atualmente trabalha em sua \u00faltima produ\u00e7\u00e3o, Acqua d&#8217;Oscaretto.<\/p>\n<p>&nbsp;<\/p>\n<p>&nbsp;<\/p>\n<p>Quinta-feira 9 de julho 20:30 hs. Fr\u00ebims (CDMX)<\/p>\n<p>Ter\u00e7a-feira 14 de julho 21:00 hs. F\u00f3rum Pachuca (Pachuca)<\/p>\n<p>Quarta-feira 22 de julho 21:00 hs. Isla Producciones (Guadalajara)<\/p>\n<p>Quinta-feira 30 de julho 21:00 hs.\u00a0 AMEBA Studio (Puebla)<\/p>\n<p>Ter\u00e7a-feira 5 de agosto 20:30 hs. Multiforo 246 (CDMX)<\/p>\n<p>&nbsp;<\/p>\n<p>https:\/\/www.instagram.com\/caguamaconda\/<\/p>\n<p>https:\/\/www.facebook.com\/oscarsanchezosty<\/p>\n<p><iframe title=\"Spotify Embed: \u00d3scar S\u00e1nchez\" style=\"border-radius: 12px\" width=\"100%\" height=\"352\" frameborder=\"0\" allowfullscreen allow=\"autoplay; clipboard-write; encrypted-media; fullscreen; picture-in-picture\" loading=\"lazy\" src=\"https:\/\/open.spotify.com\/embed\/artist\/3ndxXgscmt7DgFRvBLE3m5?utm_source=oembed\"><\/iframe><\/p>\n<p>https:\/\/oscarsanchez.bandcamp.com\/<\/p>\n","protected":false},"excerpt":{"rendered":"<p>Catalogado como artista interdisciplinar, perform\u00e1tico, ir\u00f4nico, contestat\u00e1rio e incendi\u00e1rio, Oscar S\u00e1nchez torna-se figura destacada no panorama da can\u00e7\u00e3o de autor cubana. Estudou de maneira autodidata a guitarra, o tr\u00eas e a mar\u00edmbula, e incursiona em diversos g\u00eaneros da m\u00fasica cubana (son, bolero, chang\u00fc\u00ed, neng\u00e3o), n\u00e3o s\u00f3 em suas formas puras, mas tamb\u00e9m atrav\u00e9s de uma [&hellip;]<\/p>\n","protected":false},"author":1,"featured_media":12369,"comment_status":"closed","ping_status":"closed","sticky":false,"template":"","format":"standard","meta":{"footnotes":""},"categories":[218],"tags":[],"class_list":["post-12371","post","type-post","status-publish","format-standard","has-post-thumbnail","hentry","category-noticias-generales-pt"],"lang":"pt","translations":{"pt":12371,"es":12368},"pll_sync_post":[],"post_mailing_queue_ids":[],"_links":{"self":[{"href":"http:\/\/staging.ibermusicas.org\/index.php\/wp-json\/wp\/v2\/posts\/12371","targetHints":{"allow":["GET"]}}],"collection":[{"href":"http:\/\/staging.ibermusicas.org\/index.php\/wp-json\/wp\/v2\/posts"}],"about":[{"href":"http:\/\/staging.ibermusicas.org\/index.php\/wp-json\/wp\/v2\/types\/post"}],"author":[{"embeddable":true,"href":"http:\/\/staging.ibermusicas.org\/index.php\/wp-json\/wp\/v2\/users\/1"}],"replies":[{"embeddable":true,"href":"http:\/\/staging.ibermusicas.org\/index.php\/wp-json\/wp\/v2\/comments?post=12371"}],"version-history":[{"count":1,"href":"http:\/\/staging.ibermusicas.org\/index.php\/wp-json\/wp\/v2\/posts\/12371\/revisions"}],"predecessor-version":[{"id":12372,"href":"http:\/\/staging.ibermusicas.org\/index.php\/wp-json\/wp\/v2\/posts\/12371\/revisions\/12372"}],"wp:featuredmedia":[{"embeddable":true,"href":"http:\/\/staging.ibermusicas.org\/index.php\/wp-json\/wp\/v2\/media\/12369"}],"wp:attachment":[{"href":"http:\/\/staging.ibermusicas.org\/index.php\/wp-json\/wp\/v2\/media?parent=12371"}],"wp:term":[{"taxonomy":"category","embeddable":true,"href":"http:\/\/staging.ibermusicas.org\/index.php\/wp-json\/wp\/v2\/categories?post=12371"},{"taxonomy":"post_tag","embeddable":true,"href":"http:\/\/staging.ibermusicas.org\/index.php\/wp-json\/wp\/v2\/tags?post=12371"}],"curies":[{"name":"wp","href":"https:\/\/api.w.org\/{rel}","templated":true}]}}