{"id":12373,"date":"2022-06-30T19:09:52","date_gmt":"2022-06-30T19:09:52","guid":{"rendered":"http:\/\/staging.ibermusicas.org\/?p=12373"},"modified":"2022-06-30T19:09:52","modified_gmt":"2022-06-30T19:09:52","slug":"la-cantautora-argentina-majo-clutet-nos-acerca-desde-mexico-el-primer-capitulo-de-su-trabajo-cantares-musicas-generos-y-territorios","status":"publish","type":"post","link":"http:\/\/staging.ibermusicas.org\/index.php\/la-cantautora-argentina-majo-clutet-nos-acerca-desde-mexico-el-primer-capitulo-de-su-trabajo-cantares-musicas-generos-y-territorios\/","title":{"rendered":"La cantautora argentina Majo Clutet nos acerca desde M\u00e9xico el primer cap\u00edtulo de su trabajo \u201cCantares: M\u00fasica(s), G\u00e9nero(s) y Territorio(s)\u201d"},"content":{"rendered":"<p>\u201cCantares: M\u00fasica(s), G\u00e9nero(s) y Territorio(s)\u201d es una serie de micro documentales que pretenden visibilizar y favorecer la cooperaci\u00f3n entre mujeres m\u00fasicas latinoamericanas, destacando las experiencias, obst\u00e1culos y reivindicaciones de sus protagonistas. El proyecto se realiza en el marco de un viaje por Latinoam\u00e9rica de la cantautora argentina Majo Clutet que se encuentra documentando testimonios y canciones de otras mujeres m\u00fasicas de la regi\u00f3n.<\/p>\n<p>&nbsp;<\/p>\n<p>El objetivo es construir un relato en conjunto que se encuentre atravesado por las experiencias y vivencias a trav\u00e9s de tres ejes fundamentales: la m\u00fasica, el g\u00e9nero y el territorio.<\/p>\n<p>&nbsp;<\/p>\n<p>En el primer cap\u00edtulo Majo Clutet entrevista y realiza una colaboraci\u00f3n musical con la cantautora mexicana Elo Vit en su casa ubicada en Ciudad de M\u00e9xico.<\/p>\n<p>&nbsp;<\/p>\n<p>Elo Vit es una compositora y cantautora mexicana que se desempe\u00f1a en g\u00e9neros musicales como el folk, los ritmos latinoamericanos y el rock. Fue ganadora del Sistema de Apoyos a la Creaci\u00f3n y a Proyectos Culturales FONCA (2020) y del Certamen \u201cViva la canci\u00f3n de autor\u201d de M\u00e9xico (2021). Integra el colectivo de mujeres en la m\u00fasica de M\u00e9xico \u201cEnerg\u00eda nuclear\u201d.<\/p>\n<p>&nbsp;<\/p>\n<p>Majo Clutet es una cantautora argentina que se desempe\u00f1a en g\u00e9neros como el folklore y la canci\u00f3n litorale\u00f1a. Fue ganadora del VII premio Iberm\u00fasicas a la creaci\u00f3n de canciones (2020), ganadora de la beca creaci\u00f3n del Fonda Nacional de las Artes de Argentina (2021), ganadora del tercer premio en el certamen \u201cViva la canci\u00f3n de autor\u201d de M\u00e9xico (2021) y primera menci\u00f3n especial del Concurso \u201cTe doy una canci\u00f3n\u201d de Rosario (2019). Integra TRUENA: Red Plurinacional y Transfeminista de trabajadorxs de la m\u00fasica de Argentina<\/p>\n<p>&nbsp;<\/p>\n<p>&nbsp;<\/p>\n<p>10 de julio\u00a0 20hs (MX), 22hs (AR) en: https:\/\/youtu.be\/oC2QiAOcyuc<\/p>\n","protected":false},"excerpt":{"rendered":"<p>\u201cCantares: M\u00fasica(s), G\u00e9nero(s) y Territorio(s)\u201d es una serie de micro documentales que pretenden visibilizar y favorecer la cooperaci\u00f3n entre mujeres m\u00fasicas latinoamericanas, destacando las experiencias, obst\u00e1culos y reivindicaciones de sus protagonistas. El proyecto se realiza en el marco de un viaje por Latinoam\u00e9rica de la cantautora argentina Majo Clutet que se encuentra documentando testimonios y [&hellip;]<\/p>\n","protected":false},"author":1,"featured_media":12374,"comment_status":"closed","ping_status":"closed","sticky":false,"template":"","format":"standard","meta":{"footnotes":""},"categories":[53],"tags":[],"class_list":["post-12373","post","type-post","status-publish","format-standard","has-post-thumbnail","hentry","category-noticias-generales"],"lang":"es","translations":{"es":12373,"pt":12376},"pll_sync_post":[],"post_mailing_queue_ids":[],"_links":{"self":[{"href":"http:\/\/staging.ibermusicas.org\/index.php\/wp-json\/wp\/v2\/posts\/12373","targetHints":{"allow":["GET"]}}],"collection":[{"href":"http:\/\/staging.ibermusicas.org\/index.php\/wp-json\/wp\/v2\/posts"}],"about":[{"href":"http:\/\/staging.ibermusicas.org\/index.php\/wp-json\/wp\/v2\/types\/post"}],"author":[{"embeddable":true,"href":"http:\/\/staging.ibermusicas.org\/index.php\/wp-json\/wp\/v2\/users\/1"}],"replies":[{"embeddable":true,"href":"http:\/\/staging.ibermusicas.org\/index.php\/wp-json\/wp\/v2\/comments?post=12373"}],"version-history":[{"count":1,"href":"http:\/\/staging.ibermusicas.org\/index.php\/wp-json\/wp\/v2\/posts\/12373\/revisions"}],"predecessor-version":[{"id":12375,"href":"http:\/\/staging.ibermusicas.org\/index.php\/wp-json\/wp\/v2\/posts\/12373\/revisions\/12375"}],"wp:featuredmedia":[{"embeddable":true,"href":"http:\/\/staging.ibermusicas.org\/index.php\/wp-json\/wp\/v2\/media\/12374"}],"wp:attachment":[{"href":"http:\/\/staging.ibermusicas.org\/index.php\/wp-json\/wp\/v2\/media?parent=12373"}],"wp:term":[{"taxonomy":"category","embeddable":true,"href":"http:\/\/staging.ibermusicas.org\/index.php\/wp-json\/wp\/v2\/categories?post=12373"},{"taxonomy":"post_tag","embeddable":true,"href":"http:\/\/staging.ibermusicas.org\/index.php\/wp-json\/wp\/v2\/tags?post=12373"}],"curies":[{"name":"wp","href":"https:\/\/api.w.org\/{rel}","templated":true}]}}