{"id":12381,"date":"2022-06-30T19:13:49","date_gmt":"2022-06-30T19:13:49","guid":{"rendered":"http:\/\/staging.ibermusicas.org\/?p=12381"},"modified":"2022-06-30T19:13:49","modified_gmt":"2022-06-30T19:13:49","slug":"o-contrabaixista-uruguaio-facundo-estefanell-apresenta-a-segunda-musica-de-seu-novo-disco","status":"publish","type":"post","link":"http:\/\/staging.ibermusicas.org\/index.php\/o-contrabaixista-uruguaio-facundo-estefanell-apresenta-a-segunda-musica-de-seu-novo-disco\/","title":{"rendered":"O contrabaixista uruguaio Facundo Estefanell apresenta a segunda m\u00fasica de seu novo disco"},"content":{"rendered":"<p>Remember when u started \u00e9 o t\u00edtulo da segunda m\u00fasica de Ra\u00edzes Contempor\u00e2neas, o novo disco de Facundo Estefanell. Trata-se de um disco de tem\u00e1tica jazzista com fundamentos nos ritmos uruguaios como o candombe, tango, folclore, misturando cores latinas e t\u00e9cnicas da m\u00fasica cl\u00e1ssica.<\/p>\n<p>&nbsp;<\/p>\n<p>O \u00e1lbum foi gravado sem metr\u00f4nomo e sem edi\u00e7\u00e3o, do modo em que historicamente eram gravados os discos de jazz, captando os sentimentos org\u00e2nicos de todos os m\u00fasicos e o play verdadeiro, sem altera\u00e7\u00f5es nem corre\u00e7\u00f5es de \u00e1udio, deixando a m\u00fasica mais viva, longe do rob\u00f3tico, trazendo um ar fresco, humano e muita sensibilidade art\u00edstica. O \u00e1lbum foi gravado no Rio de Janeiro por m\u00fasicos da Argentina, Col\u00f4mbia, Uruguai e Brasil, fundindo v\u00e1rias culturas com muita pluralidade .<\/p>\n<p>&nbsp;<\/p>\n<p>Facundo Estefanell investiga o Tango, Candombe, M\u00fasica Cl\u00e1ssica e se destaca como compositor e instrumentista na cena do jazz no Rio de Janeiro. Convida-nos a unir as diferentes culturas e as novas tecnologias sonoras, enfatizando os ritmos aut\u00f3ctones do Uruguai.<\/p>\n<p>Ver e escutar em:<\/p>\n<p><a href=\"https:\/\/www.youtube.com\/watch?v=GrCumr6PLtg&amp;feature=youtu.be\">https:\/\/www.youtube.com\/watch?v=GrCumr6PLtg&amp;feature=youtu.be<\/a><\/p>\n<p><a href=\"https:\/\/onerpm.link\/264391926839\">https:\/\/onerpm.link\/264391926839<\/a><\/p>\n","protected":false},"excerpt":{"rendered":"<p>Remember when u started \u00e9 o t\u00edtulo da segunda m\u00fasica de Ra\u00edzes Contempor\u00e2neas, o novo disco de Facundo Estefanell. Trata-se de um disco de tem\u00e1tica jazzista com fundamentos nos ritmos uruguaios como o candombe, tango, folclore, misturando cores latinas e t\u00e9cnicas da m\u00fasica cl\u00e1ssica. &nbsp; O \u00e1lbum foi gravado sem metr\u00f4nomo e sem edi\u00e7\u00e3o, do [&hellip;]<\/p>\n","protected":false},"author":1,"featured_media":12379,"comment_status":"closed","ping_status":"closed","sticky":false,"template":"","format":"standard","meta":{"footnotes":""},"categories":[218],"tags":[],"class_list":["post-12381","post","type-post","status-publish","format-standard","has-post-thumbnail","hentry","category-noticias-generales-pt"],"lang":"pt","translations":{"pt":12381,"es":12378},"pll_sync_post":[],"post_mailing_queue_ids":[],"_links":{"self":[{"href":"http:\/\/staging.ibermusicas.org\/index.php\/wp-json\/wp\/v2\/posts\/12381","targetHints":{"allow":["GET"]}}],"collection":[{"href":"http:\/\/staging.ibermusicas.org\/index.php\/wp-json\/wp\/v2\/posts"}],"about":[{"href":"http:\/\/staging.ibermusicas.org\/index.php\/wp-json\/wp\/v2\/types\/post"}],"author":[{"embeddable":true,"href":"http:\/\/staging.ibermusicas.org\/index.php\/wp-json\/wp\/v2\/users\/1"}],"replies":[{"embeddable":true,"href":"http:\/\/staging.ibermusicas.org\/index.php\/wp-json\/wp\/v2\/comments?post=12381"}],"version-history":[{"count":1,"href":"http:\/\/staging.ibermusicas.org\/index.php\/wp-json\/wp\/v2\/posts\/12381\/revisions"}],"predecessor-version":[{"id":12382,"href":"http:\/\/staging.ibermusicas.org\/index.php\/wp-json\/wp\/v2\/posts\/12381\/revisions\/12382"}],"wp:featuredmedia":[{"embeddable":true,"href":"http:\/\/staging.ibermusicas.org\/index.php\/wp-json\/wp\/v2\/media\/12379"}],"wp:attachment":[{"href":"http:\/\/staging.ibermusicas.org\/index.php\/wp-json\/wp\/v2\/media?parent=12381"}],"wp:term":[{"taxonomy":"category","embeddable":true,"href":"http:\/\/staging.ibermusicas.org\/index.php\/wp-json\/wp\/v2\/categories?post=12381"},{"taxonomy":"post_tag","embeddable":true,"href":"http:\/\/staging.ibermusicas.org\/index.php\/wp-json\/wp\/v2\/tags?post=12381"}],"curies":[{"name":"wp","href":"https:\/\/api.w.org\/{rel}","templated":true}]}}