{"id":12383,"date":"2022-06-30T19:15:11","date_gmt":"2022-06-30T19:15:11","guid":{"rendered":"http:\/\/staging.ibermusicas.org\/?p=12383"},"modified":"2022-07-29T17:32:51","modified_gmt":"2022-07-29T17:32:51","slug":"desde-peru-llegan-los-bootcamps-de-produccion-y-periodismo-musical-organizados-por-corriente-peru","status":"publish","type":"post","link":"http:\/\/staging.ibermusicas.org\/index.php\/desde-peru-llegan-los-bootcamps-de-produccion-y-periodismo-musical-organizados-por-corriente-peru\/","title":{"rendered":"Desde Per\u00fa llegan los Bootcamps de Producci\u00f3n y Periodismo Musical organizados por Corriente Per\u00fa"},"content":{"rendered":"<p>Los Bootcamps son programas intensivos de acompa\u00f1amiento y aceleraci\u00f3n profesional para emprendimientos y agentes del sector musical que tendr\u00e1n lugar en la App &amp; Web App de Corriente con el fin de impulsar la vinculaci\u00f3n entre los participantes seleccionados.<\/p>\n<p>&nbsp;<\/p>\n<p>Cada Bootcamp se co-organizar\u00e1 con agencias e iniciativas de la industria musical latinoamericana expertas en las tem\u00e1ticas a desarrollar y con el objetivo de multiplicar las oportunidades de vinculaci\u00f3n e intercambio. Las sesiones de trabajo se realizan en un entorno de aprendizaje pr\u00e1ctico en el que se plantean situaciones profesionales reales, con exponentes y mentores reconocidos del medio.<\/p>\n<p>&nbsp;<\/p>\n<p>&nbsp;<\/p>\n<p>Martes 12 de julio. El negocio de la creaci\u00f3n de canciones: Carreras de creadores de LATAM a lo global a cargo de Camilo Schriever, Alejandro Le\u00f3n y Paola Vicar\u00eda<\/p>\n<p>&nbsp;<\/p>\n<p>Jueves 14 de julio. El alma de las canciones: \u00bfC\u00f3mo llevar la m\u00fasica local a lo exportable\/mainstream? a cargo de Guillermo Scherping y Somontano<\/p>\n<p>&nbsp;<\/p>\n<p>Martes 19 de julio. \u00bfPor qu\u00e9 un creador de obras debe tener un equipo y cu\u00e1l es su importancia? a cargo de Camilo Schiever y Rubio<\/p>\n<p>&nbsp;<\/p>\n<p>Jueves 21 de julio. El creador como marca a cargo de Camila Bustos y Enrique Marquez<\/p>\n<p>&nbsp;<\/p>\n<p><a href=\"http:\/\/www.corrienteperu.com\/\">www.corrienteperu.com<\/a><\/p>\n","protected":false},"excerpt":{"rendered":"<p>Los Bootcamps son programas intensivos de acompa\u00f1amiento y aceleraci\u00f3n profesional para emprendimientos y agentes del sector musical que tendr\u00e1n lugar en la App &amp; Web App de Corriente con el fin de impulsar la vinculaci\u00f3n entre los participantes seleccionados. &nbsp; Cada Bootcamp se co-organizar\u00e1 con agencias e iniciativas de la industria musical latinoamericana expertas en [&hellip;]<\/p>\n","protected":false},"author":1,"featured_media":12384,"comment_status":"closed","ping_status":"closed","sticky":false,"template":"","format":"standard","meta":{"footnotes":""},"categories":[53],"tags":[],"class_list":["post-12383","post","type-post","status-publish","format-standard","has-post-thumbnail","hentry","category-noticias-generales"],"lang":"es","translations":{"es":12383,"pt":12386},"pll_sync_post":[],"post_mailing_queue_ids":[],"_links":{"self":[{"href":"http:\/\/staging.ibermusicas.org\/index.php\/wp-json\/wp\/v2\/posts\/12383","targetHints":{"allow":["GET"]}}],"collection":[{"href":"http:\/\/staging.ibermusicas.org\/index.php\/wp-json\/wp\/v2\/posts"}],"about":[{"href":"http:\/\/staging.ibermusicas.org\/index.php\/wp-json\/wp\/v2\/types\/post"}],"author":[{"embeddable":true,"href":"http:\/\/staging.ibermusicas.org\/index.php\/wp-json\/wp\/v2\/users\/1"}],"replies":[{"embeddable":true,"href":"http:\/\/staging.ibermusicas.org\/index.php\/wp-json\/wp\/v2\/comments?post=12383"}],"version-history":[{"count":1,"href":"http:\/\/staging.ibermusicas.org\/index.php\/wp-json\/wp\/v2\/posts\/12383\/revisions"}],"predecessor-version":[{"id":12385,"href":"http:\/\/staging.ibermusicas.org\/index.php\/wp-json\/wp\/v2\/posts\/12383\/revisions\/12385"}],"wp:featuredmedia":[{"embeddable":true,"href":"http:\/\/staging.ibermusicas.org\/index.php\/wp-json\/wp\/v2\/media\/12384"}],"wp:attachment":[{"href":"http:\/\/staging.ibermusicas.org\/index.php\/wp-json\/wp\/v2\/media?parent=12383"}],"wp:term":[{"taxonomy":"category","embeddable":true,"href":"http:\/\/staging.ibermusicas.org\/index.php\/wp-json\/wp\/v2\/categories?post=12383"},{"taxonomy":"post_tag","embeddable":true,"href":"http:\/\/staging.ibermusicas.org\/index.php\/wp-json\/wp\/v2\/tags?post=12383"}],"curies":[{"name":"wp","href":"https:\/\/api.w.org\/{rel}","templated":true}]}}