{"id":12398,"date":"2022-06-30T19:25:34","date_gmt":"2022-06-30T19:25:34","guid":{"rendered":"http:\/\/staging.ibermusicas.org\/?p=12398"},"modified":"2022-07-29T17:32:36","modified_gmt":"2022-07-29T17:32:36","slug":"desde-costa-rica-la-cimarrona-la-original-dominguena-lleva-su-potente-propuesta-a-espana-y-a-francia","status":"publish","type":"post","link":"http:\/\/staging.ibermusicas.org\/index.php\/desde-costa-rica-la-cimarrona-la-original-dominguena-lleva-su-potente-propuesta-a-espana-y-a-francia\/","title":{"rendered":"Desde Costa Rica\u00a0 la cimarrona \u201cLa Original Domingue\u00f1a\u201d lleva su potente propuesta a Espa\u00f1a y a Francia"},"content":{"rendered":"<p>Durante el mes de julio de 2022, la cimarrona \u201cLa Original Domingue\u00f1a\u201d estar\u00e1 representando a Costa Rica en diferentes festivales en Espa\u00f1a y Francia, donde la m\u00fasica de cimarrona ser\u00e1 el atractivo para muchos espectadores en ciudades como Barcelona, Asturias, Cand\u00e1s, Sestao, entre otras.<\/p>\n<p>&nbsp;<\/p>\n<p>La labor del grupo traspasa lo musical, ya que se ha convertido no solo en un referente del g\u00e9nero en la regi\u00f3n, sino que ha tomado un importante papel de gestor y promotor cultural en pro del rescate de las mascaradas, m\u00fasica de cimarrona y todas las actividades relacionadas a estas manifestaciones.<\/p>\n<p>&nbsp;<\/p>\n<p>Para la \u201cGIRA EUROPA 2022\u201d la agrupaci\u00f3n pretende fortalecer el ya existente c\u00edrculo de amistad internacional entre cimarronas, fanfarrias, charangas y brass bands de todo el mundo, que propicia la creaci\u00f3n de lazos por medio de la m\u00fasica, la danza y otras costumbres como excelentes canales para descubrir las culturas de todo el mundo.<\/p>\n<p>&nbsp;<\/p>\n<p>Del 13 al 17 de julio, Festival Bandafolies, Bessins, Francia<\/p>\n<p>23 y 24 de julio Encuentro de Gigantes y Cabezudos, La Llacuna, Espa\u00f1a<\/p>\n<p>30 y 31 de julio Festival Nacional de Charangas de Cand\u00e1s, Asturias, Espa\u00f1a<\/p>\n","protected":false},"excerpt":{"rendered":"<p>Durante el mes de julio de 2022, la cimarrona \u201cLa Original Domingue\u00f1a\u201d estar\u00e1 representando a Costa Rica en diferentes festivales en Espa\u00f1a y Francia, donde la m\u00fasica de cimarrona ser\u00e1 el atractivo para muchos espectadores en ciudades como Barcelona, Asturias, Cand\u00e1s, Sestao, entre otras. &nbsp; La labor del grupo traspasa lo musical, ya que se [&hellip;]<\/p>\n","protected":false},"author":1,"featured_media":12399,"comment_status":"closed","ping_status":"closed","sticky":false,"template":"","format":"standard","meta":{"footnotes":""},"categories":[53],"tags":[],"class_list":["post-12398","post","type-post","status-publish","format-standard","has-post-thumbnail","hentry","category-noticias-generales"],"lang":"es","translations":{"es":12398,"pt":12401},"pll_sync_post":[],"post_mailing_queue_ids":[],"_links":{"self":[{"href":"http:\/\/staging.ibermusicas.org\/index.php\/wp-json\/wp\/v2\/posts\/12398","targetHints":{"allow":["GET"]}}],"collection":[{"href":"http:\/\/staging.ibermusicas.org\/index.php\/wp-json\/wp\/v2\/posts"}],"about":[{"href":"http:\/\/staging.ibermusicas.org\/index.php\/wp-json\/wp\/v2\/types\/post"}],"author":[{"embeddable":true,"href":"http:\/\/staging.ibermusicas.org\/index.php\/wp-json\/wp\/v2\/users\/1"}],"replies":[{"embeddable":true,"href":"http:\/\/staging.ibermusicas.org\/index.php\/wp-json\/wp\/v2\/comments?post=12398"}],"version-history":[{"count":1,"href":"http:\/\/staging.ibermusicas.org\/index.php\/wp-json\/wp\/v2\/posts\/12398\/revisions"}],"predecessor-version":[{"id":12400,"href":"http:\/\/staging.ibermusicas.org\/index.php\/wp-json\/wp\/v2\/posts\/12398\/revisions\/12400"}],"wp:featuredmedia":[{"embeddable":true,"href":"http:\/\/staging.ibermusicas.org\/index.php\/wp-json\/wp\/v2\/media\/12399"}],"wp:attachment":[{"href":"http:\/\/staging.ibermusicas.org\/index.php\/wp-json\/wp\/v2\/media?parent=12398"}],"wp:term":[{"taxonomy":"category","embeddable":true,"href":"http:\/\/staging.ibermusicas.org\/index.php\/wp-json\/wp\/v2\/categories?post=12398"},{"taxonomy":"post_tag","embeddable":true,"href":"http:\/\/staging.ibermusicas.org\/index.php\/wp-json\/wp\/v2\/tags?post=12398"}],"curies":[{"name":"wp","href":"https:\/\/api.w.org\/{rel}","templated":true}]}}