{"id":12401,"date":"2022-06-30T19:28:13","date_gmt":"2022-06-30T19:28:13","guid":{"rendered":"http:\/\/staging.ibermusicas.org\/?p=12401"},"modified":"2022-07-29T17:34:27","modified_gmt":"2022-07-29T17:34:27","slug":"da-costa-rica-a-cimarrona-la-original-dominguena-leva-sua-potente-proposta-a-espanha-e-a-franca","status":"publish","type":"post","link":"http:\/\/staging.ibermusicas.org\/index.php\/da-costa-rica-a-cimarrona-la-original-dominguena-leva-sua-potente-proposta-a-espanha-e-a-franca\/","title":{"rendered":"Da Costa Rica a cimarrona \u00abLa Original Domingue\u00f1a\u00bb leva sua potente proposta \u00e0 Espanha e \u00e0 Fran\u00e7a"},"content":{"rendered":"<p>Durante o m\u00eas de julho de 2022, a cimarrona \u00abLa Original Domingue\u00f1a\u00bb vai estar representando a Costa Rica em diferentes festivais na Espanha e na Fran\u00e7a, onde a m\u00fasica de cimarrona ser\u00e1 o atrativo para muitos espectadores em cidades como Barcelona, Ast\u00farias, Cand\u00e1s, Sestao, entre outras.<\/p>\n<p>&nbsp;<\/p>\n<p>O trabalho do grupo transp\u00f5e o musical, j\u00e1 que se converteu n\u00e3o s\u00f3 num referencial do g\u00e9nero na regi\u00e3o, mas assumiu um importante papel de gestor e promotor cultural em prol do resgate das mascaradas, m\u00fasica de cimarrona e todas as actividades relacionadas com estas manifesta\u00e7\u00f5es.<\/p>\n<p>&nbsp;<\/p>\n<p>Para a \u00abTOUR EUROPA 2022\u00bb, o grupo pretende fortalecer o j\u00e1 existente c\u00edrculo de amizade internacional entre cimarronas, fanfarras, charangas e brass bands de todo o mundo, que propicia a cria\u00e7\u00e3o de la\u00e7os por meio da m\u00fasica, da dan\u00e7a e de outros costumes como excelentes canais para descobrir as culturas de todo o mundo.<\/p>\n<p>&nbsp;<\/p>\n<p>De 13 a 17 de julho, Festival Bandafolies, Bessins, Fran\u00e7a<\/p>\n<p>23 e 24 de julho Encontro de Gigantes e Cabe\u00e7udos, La Llacuna, Espanha<\/p>\n<p>30 e 31 de julho Festival Nacional de Charangas de Cand\u00e1s, Ast\u00farias, Espanha<\/p>\n","protected":false},"excerpt":{"rendered":"<p>Durante o m\u00eas de julho de 2022, a cimarrona \u00abLa Original Domingue\u00f1a\u00bb vai estar representando a Costa Rica em diferentes festivais na Espanha e na Fran\u00e7a, onde a m\u00fasica de cimarrona ser\u00e1 o atrativo para muitos espectadores em cidades como Barcelona, Ast\u00farias, Cand\u00e1s, Sestao, entre outras. &nbsp; O trabalho do grupo transp\u00f5e o musical, j\u00e1 [&hellip;]<\/p>\n","protected":false},"author":1,"featured_media":12399,"comment_status":"closed","ping_status":"closed","sticky":false,"template":"","format":"standard","meta":{"footnotes":""},"categories":[218],"tags":[],"class_list":["post-12401","post","type-post","status-publish","format-standard","has-post-thumbnail","hentry","category-noticias-generales-pt"],"lang":"pt","translations":{"pt":12401,"es":12398},"pll_sync_post":[],"post_mailing_queue_ids":[],"_links":{"self":[{"href":"http:\/\/staging.ibermusicas.org\/index.php\/wp-json\/wp\/v2\/posts\/12401","targetHints":{"allow":["GET"]}}],"collection":[{"href":"http:\/\/staging.ibermusicas.org\/index.php\/wp-json\/wp\/v2\/posts"}],"about":[{"href":"http:\/\/staging.ibermusicas.org\/index.php\/wp-json\/wp\/v2\/types\/post"}],"author":[{"embeddable":true,"href":"http:\/\/staging.ibermusicas.org\/index.php\/wp-json\/wp\/v2\/users\/1"}],"replies":[{"embeddable":true,"href":"http:\/\/staging.ibermusicas.org\/index.php\/wp-json\/wp\/v2\/comments?post=12401"}],"version-history":[{"count":1,"href":"http:\/\/staging.ibermusicas.org\/index.php\/wp-json\/wp\/v2\/posts\/12401\/revisions"}],"predecessor-version":[{"id":12402,"href":"http:\/\/staging.ibermusicas.org\/index.php\/wp-json\/wp\/v2\/posts\/12401\/revisions\/12402"}],"wp:featuredmedia":[{"embeddable":true,"href":"http:\/\/staging.ibermusicas.org\/index.php\/wp-json\/wp\/v2\/media\/12399"}],"wp:attachment":[{"href":"http:\/\/staging.ibermusicas.org\/index.php\/wp-json\/wp\/v2\/media?parent=12401"}],"wp:term":[{"taxonomy":"category","embeddable":true,"href":"http:\/\/staging.ibermusicas.org\/index.php\/wp-json\/wp\/v2\/categories?post=12401"},{"taxonomy":"post_tag","embeddable":true,"href":"http:\/\/staging.ibermusicas.org\/index.php\/wp-json\/wp\/v2\/tags?post=12401"}],"curies":[{"name":"wp","href":"https:\/\/api.w.org\/{rel}","templated":true}]}}