{"id":12403,"date":"2022-06-30T19:29:13","date_gmt":"2022-06-30T19:29:13","guid":{"rendered":"http:\/\/staging.ibermusicas.org\/?p=12403"},"modified":"2022-07-29T17:32:29","modified_gmt":"2022-07-29T17:32:29","slug":"desde-uruguay-mestizo-cantos-y-ritmos-de-america-latina-y-el-caribe-llega-con-su-musica-a-colombia","status":"publish","type":"post","link":"http:\/\/staging.ibermusicas.org\/index.php\/desde-uruguay-mestizo-cantos-y-ritmos-de-america-latina-y-el-caribe-llega-con-su-musica-a-colombia\/","title":{"rendered":"Desde Uruguay Mestizo &#8211; Cantos y Ritmos de Am\u00e9rica Latina y El Caribe llega con su m\u00fasica a Colombia"},"content":{"rendered":"<p>Mestizo llega a Colombia con sus cantos, ritmos y danzas de Am\u00e9rica Latina y el Caribe en una gira sin precedentes ya que es el primer grupo formado en Uruguay que difunde ritmos tradicionales colombianos y un repertorio que incluye ritmos de Uruguay, Cuba, Puerto Rico, Venezuela, Per\u00fa y Brasil.<\/p>\n<p>&nbsp;<\/p>\n<p>Para este ciclo de conciertos, charlas y talleres en Colombia, Mestizo har\u00e1 especial hincapi\u00e9 en el \u00abCandombe\u201d; ritmo del folklore afrouruguayo declarado patrimonio inmaterial de la humanidad en 2009, con una propuesta que aborda inclusive una pieza de fusi\u00f3n entre ritmos afro de ambos pa\u00edses.<\/p>\n<p>&nbsp;<\/p>\n<p>Tras quince a\u00f1os de permanente investigaci\u00f3n y estudio, el grupo se ha dedicado a la difusi\u00f3n y ense\u00f1anza de la riqueza r\u00edtmica latinoamericana a trav\u00e9s de talleres, conciertos did\u00e1cticos y presentaciones por todo Uruguay<\/p>\n<p>&nbsp;<\/p>\n<p>Mestizo llega a Colombia con toda la fuerza de sus percusiones y arreglos vocales, clarinete, bajo, guitarra y tiple colombiano en un di\u00e1logo esc\u00e9nico de m\u00fasica y danza donde el p\u00fablico vivir\u00e1 una experiencia de viaje cultural por toda Am\u00e9rica Latina y el Caribe, buscando tender puentes musicales que generen cari\u00f1o entre nuestros pueblos.<\/p>\n<p>&nbsp;<\/p>\n<p>Viernes 1 de julio 19:30 hs. \u00abAseismanos &#8211; Restaurante\/ Espacio Cultural\u201d, calle 22# 8-60, Bogot\u00e1, Colombia<\/p>\n<p>&nbsp;<\/p>\n<p>Jueves 7 de julio 21:00 hs. \u00abCasa Quiebracanto\u00bb, Carrera 5 # 17\/76, Bogot\u00e1, Colombia<\/p>\n<p>&nbsp;<\/p>\n<p>S\u00e1bado 9 de Julio, 16:00 hs.Teatro La Media Torta, Bogot\u00e1, Colombia<\/p>\n<p>&nbsp;<\/p>\n<p>Domingo 10 de Julio, 14:00 hs. Fundaci\u00f3n Cayena. Calle 39 # 20-38, Bogot\u00e1, Colombia<\/p>\n","protected":false},"excerpt":{"rendered":"<p>Mestizo llega a Colombia con sus cantos, ritmos y danzas de Am\u00e9rica Latina y el Caribe en una gira sin precedentes ya que es el primer grupo formado en Uruguay que difunde ritmos tradicionales colombianos y un repertorio que incluye ritmos de Uruguay, Cuba, Puerto Rico, Venezuela, Per\u00fa y Brasil. &nbsp; Para este ciclo de [&hellip;]<\/p>\n","protected":false},"author":1,"featured_media":12404,"comment_status":"closed","ping_status":"closed","sticky":false,"template":"","format":"standard","meta":{"footnotes":""},"categories":[53],"tags":[],"class_list":["post-12403","post","type-post","status-publish","format-standard","has-post-thumbnail","hentry","category-noticias-generales"],"lang":"es","translations":{"es":12403,"pt":12406},"pll_sync_post":[],"post_mailing_queue_ids":[],"_links":{"self":[{"href":"http:\/\/staging.ibermusicas.org\/index.php\/wp-json\/wp\/v2\/posts\/12403","targetHints":{"allow":["GET"]}}],"collection":[{"href":"http:\/\/staging.ibermusicas.org\/index.php\/wp-json\/wp\/v2\/posts"}],"about":[{"href":"http:\/\/staging.ibermusicas.org\/index.php\/wp-json\/wp\/v2\/types\/post"}],"author":[{"embeddable":true,"href":"http:\/\/staging.ibermusicas.org\/index.php\/wp-json\/wp\/v2\/users\/1"}],"replies":[{"embeddable":true,"href":"http:\/\/staging.ibermusicas.org\/index.php\/wp-json\/wp\/v2\/comments?post=12403"}],"version-history":[{"count":1,"href":"http:\/\/staging.ibermusicas.org\/index.php\/wp-json\/wp\/v2\/posts\/12403\/revisions"}],"predecessor-version":[{"id":12405,"href":"http:\/\/staging.ibermusicas.org\/index.php\/wp-json\/wp\/v2\/posts\/12403\/revisions\/12405"}],"wp:featuredmedia":[{"embeddable":true,"href":"http:\/\/staging.ibermusicas.org\/index.php\/wp-json\/wp\/v2\/media\/12404"}],"wp:attachment":[{"href":"http:\/\/staging.ibermusicas.org\/index.php\/wp-json\/wp\/v2\/media?parent=12403"}],"wp:term":[{"taxonomy":"category","embeddable":true,"href":"http:\/\/staging.ibermusicas.org\/index.php\/wp-json\/wp\/v2\/categories?post=12403"},{"taxonomy":"post_tag","embeddable":true,"href":"http:\/\/staging.ibermusicas.org\/index.php\/wp-json\/wp\/v2\/tags?post=12403"}],"curies":[{"name":"wp","href":"https:\/\/api.w.org\/{rel}","templated":true}]}}