{"id":12411,"date":"2022-06-30T19:33:34","date_gmt":"2022-06-30T19:33:34","guid":{"rendered":"http:\/\/staging.ibermusicas.org\/?p=12411"},"modified":"2022-06-30T19:33:34","modified_gmt":"2022-06-30T19:33:34","slug":"o-musico-e-compositor-mexicano-ramses-luna-continua-com-o-desenvolvimento-do-diario-de-expedicao-no-sul-do-continente-americano","status":"publish","type":"post","link":"http:\/\/staging.ibermusicas.org\/index.php\/o-musico-e-compositor-mexicano-ramses-luna-continua-com-o-desenvolvimento-do-diario-de-expedicao-no-sul-do-continente-americano\/","title":{"rendered":"O m\u00fasico e compositor mexicano Rams\u00e9s Luna continua com o desenvolvimento do Di\u00e1rio de Expedi\u00e7\u00e3o no sul do continente americano"},"content":{"rendered":"<p>O m\u00fasico e compositor mexicano Rams\u00e9s Luna continua com o desenvolvimento do Di\u00e1rio de expedi\u00e7\u00e3o no sul do continente americano dedicando-se a ENSINAR, CONSTRUIR e DIFUNDIR para gerar obra em tempo real e irrepet\u00edvel com o encontro do m\u00fasico e diretor soundpainter mexicano.<\/p>\n<p>&nbsp;<\/p>\n<p>Na semana passada trabalhou-se com a Camerata Vocal da Universidade de Valpara\u00edso com a qual realizou um concerto que foi transmitido ao vivo pela R\u00e1dio Valentin Letelier. Agora cabe viajar \u00e0s cidades de Villarrica com a Orquestra Regional de Flautas da Araucan\u00eda com apoio de Crisol Celeste e a Funda\u00e7\u00e3o Esfera Sul e somar uma atividade mais com o Centro Cultural Municipal de Villarrica. Posteriormente far\u00e1 o mesmo na Cidade de Valdivia com os integrantes da Associa\u00e7\u00e3o Agrupamento Musical Santa Cec\u00edlia. Dando fim a esta travessia na Cidade de Conc\u00f3n para intervir com a comunidade vizinha e conformar o Ensamble Comunit\u00e1rio de Conc\u00f3n.<\/p>\n","protected":false},"excerpt":{"rendered":"<p>O m\u00fasico e compositor mexicano Rams\u00e9s Luna continua com o desenvolvimento do Di\u00e1rio de expedi\u00e7\u00e3o no sul do continente americano dedicando-se a ENSINAR, CONSTRUIR e DIFUNDIR para gerar obra em tempo real e irrepet\u00edvel com o encontro do m\u00fasico e diretor soundpainter mexicano. &nbsp; Na semana passada trabalhou-se com a Camerata Vocal da Universidade de [&hellip;]<\/p>\n","protected":false},"author":1,"featured_media":12409,"comment_status":"closed","ping_status":"closed","sticky":false,"template":"","format":"standard","meta":{"footnotes":""},"categories":[218],"tags":[],"class_list":["post-12411","post","type-post","status-publish","format-standard","has-post-thumbnail","hentry","category-noticias-generales-pt"],"lang":"pt","translations":{"pt":12411,"es":12408},"pll_sync_post":[],"post_mailing_queue_ids":[],"_links":{"self":[{"href":"http:\/\/staging.ibermusicas.org\/index.php\/wp-json\/wp\/v2\/posts\/12411","targetHints":{"allow":["GET"]}}],"collection":[{"href":"http:\/\/staging.ibermusicas.org\/index.php\/wp-json\/wp\/v2\/posts"}],"about":[{"href":"http:\/\/staging.ibermusicas.org\/index.php\/wp-json\/wp\/v2\/types\/post"}],"author":[{"embeddable":true,"href":"http:\/\/staging.ibermusicas.org\/index.php\/wp-json\/wp\/v2\/users\/1"}],"replies":[{"embeddable":true,"href":"http:\/\/staging.ibermusicas.org\/index.php\/wp-json\/wp\/v2\/comments?post=12411"}],"version-history":[{"count":1,"href":"http:\/\/staging.ibermusicas.org\/index.php\/wp-json\/wp\/v2\/posts\/12411\/revisions"}],"predecessor-version":[{"id":12412,"href":"http:\/\/staging.ibermusicas.org\/index.php\/wp-json\/wp\/v2\/posts\/12411\/revisions\/12412"}],"wp:featuredmedia":[{"embeddable":true,"href":"http:\/\/staging.ibermusicas.org\/index.php\/wp-json\/wp\/v2\/media\/12409"}],"wp:attachment":[{"href":"http:\/\/staging.ibermusicas.org\/index.php\/wp-json\/wp\/v2\/media?parent=12411"}],"wp:term":[{"taxonomy":"category","embeddable":true,"href":"http:\/\/staging.ibermusicas.org\/index.php\/wp-json\/wp\/v2\/categories?post=12411"},{"taxonomy":"post_tag","embeddable":true,"href":"http:\/\/staging.ibermusicas.org\/index.php\/wp-json\/wp\/v2\/tags?post=12411"}],"curies":[{"name":"wp","href":"https:\/\/api.w.org\/{rel}","templated":true}]}}